{"id":2320,"date":"2024-10-23T13:31:08","date_gmt":"2024-10-23T11:31:08","guid":{"rendered":"https:\/\/www.fw-pfaffenhofen-glonn.de\/?p=2320"},"modified":"2024-10-23T18:26:12","modified_gmt":"2024-10-23T16:26:12","slug":"django-asul","status":"publish","type":"post","link":"https:\/\/www.fw-pfaffenhofen-glonn.de\/index.php\/2024\/10\/23\/django-asul\/","title":{"rendered":"Django As\u00fcl"},"content":{"rendered":"\t\t<div data-elementor-type=\"wp-post\" data-elementor-id=\"2320\" class=\"elementor elementor-2320\">\n\t\t\t\t\t\t<section class=\"elementor-section elementor-top-section elementor-element elementor-element-5a966647 elementor-section-boxed elementor-section-height-default elementor-section-height-default\" data-id=\"5a966647\" data-element_type=\"section\" data-e-type=\"section\">\n\t\t\t\t\t\t<div class=\"elementor-container elementor-column-gap-default\">\n\t\t\t\t\t<div class=\"elementor-column elementor-col-100 elementor-top-column elementor-element elementor-element-7c3dc339\" data-id=\"7c3dc339\" data-element_type=\"column\" data-e-type=\"column\">\n\t\t\t<div class=\"elementor-widget-wrap elementor-element-populated\">\n\t\t\t\t\t\t<div class=\"elementor-element elementor-element-39a295d7 elementor-widget elementor-widget-text-editor\" data-id=\"39a295d7\" data-element_type=\"widget\" data-e-type=\"widget\" data-widget_type=\"text-editor.default\">\n\t\t\t\t<div class=\"elementor-widget-container\">\n\t\t\t\t\t\t\t\t\t\n<p><strong><u>kommt nach Pfaffenhofen a.d. Glonn<\/u><\/strong><strong>Kartenvorverkauf gestartet!<\/strong><\/p>\n\t\t\t\t\t\t\t\t<\/div>\n\t\t\t\t<\/div>\n\t\t\t\t\t<\/div>\n\t\t<\/div>\n\t\t\t\t\t<\/div>\n\t\t<\/section>\n\t\t\t\t<section class=\"elementor-section elementor-top-section elementor-element elementor-element-5d9b5616 elementor-section-boxed elementor-section-height-default elementor-section-height-default\" data-id=\"5d9b5616\" data-element_type=\"section\" data-e-type=\"section\" data-settings=\"{&quot;background_background&quot;:&quot;classic&quot;}\">\n\t\t\t\t\t\t<div class=\"elementor-container elementor-column-gap-default\">\n\t\t\t\t\t<div class=\"elementor-column elementor-col-50 elementor-top-column elementor-element elementor-element-7e688995\" data-id=\"7e688995\" data-element_type=\"column\" data-e-type=\"column\">\n\t\t\t<div class=\"elementor-widget-wrap elementor-element-populated\">\n\t\t\t\t\t\t<div class=\"elementor-element elementor-element-65da2c4e elementor-widget elementor-widget-heading\" data-id=\"65da2c4e\" data-element_type=\"widget\" data-e-type=\"widget\" data-widget_type=\"heading.default\">\n\t\t\t\t<div class=\"elementor-widget-container\">\n\t\t\t\t\t<h1 class=\"elementor-heading-title elementor-size-default\">Django As\u00fcl kommt nach Pfaffenhofen a.d. Glonn\n\nKartenvorverkauf gestartet!<\/h1>\t\t\t\t<\/div>\n\t\t\t\t<\/div>\n\t\t\t\t<section class=\"elementor-section elementor-inner-section elementor-element elementor-element-5bf27e4e elementor-section-boxed elementor-section-height-default elementor-section-height-default\" data-id=\"5bf27e4e\" data-element_type=\"section\" data-e-type=\"section\">\n\t\t\t\t\t\t<div class=\"elementor-container elementor-column-gap-default\">\n\t\t\t\t\t<div class=\"elementor-column elementor-col-50 elementor-inner-column elementor-element elementor-element-151c3464\" data-id=\"151c3464\" data-element_type=\"column\" data-e-type=\"column\">\n\t\t\t<div class=\"elementor-widget-wrap elementor-element-populated\">\n\t\t\t\t\t\t<div class=\"elementor-element elementor-element-173c2ae2 elementor-widget elementor-widget-image\" data-id=\"173c2ae2\" data-element_type=\"widget\" data-e-type=\"widget\" data-widget_type=\"image.default\">\n\t\t\t\t<div class=\"elementor-widget-container\">\n\t\t\t\t\t\t\t\t\t\t\t\t\t\t\t<img fetchpriority=\"high\" decoding=\"async\" width=\"318\" height=\"187\" src=\"https:\/\/www.fw-pfaffenhofen-glonn.de\/wp-content\/uploads\/2024\/10\/Gruendungsfest.png\" class=\"attachment-large size-large wp-image-2324\" alt=\"\" srcset=\"https:\/\/www.fw-pfaffenhofen-glonn.de\/wp-content\/uploads\/2024\/10\/Gruendungsfest.png 318w, https:\/\/www.fw-pfaffenhofen-glonn.de\/wp-content\/uploads\/2024\/10\/Gruendungsfest-300x176.png 300w\" sizes=\"(max-width: 318px) 100vw, 318px\" \/>\t\t\t\t\t\t\t\t\t\t\t\t\t\t\t<\/div>\n\t\t\t\t<\/div>\n\t\t\t\t<div class=\"elementor-element elementor-element-af8c8dc elementor-widget elementor-widget-image\" data-id=\"af8c8dc\" data-element_type=\"widget\" data-e-type=\"widget\" data-widget_type=\"image.default\">\n\t\t\t\t<div class=\"elementor-widget-container\">\n\t\t\t\t\t\t\t\t\t\t\t\t\t\t\t<img decoding=\"async\" width=\"316\" height=\"418\" src=\"https:\/\/www.fw-pfaffenhofen-glonn.de\/wp-content\/uploads\/2024\/10\/Django-Asuel.png\" class=\"attachment-large size-large wp-image-2323\" alt=\"\" srcset=\"https:\/\/www.fw-pfaffenhofen-glonn.de\/wp-content\/uploads\/2024\/10\/Django-Asuel.png 316w, https:\/\/www.fw-pfaffenhofen-glonn.de\/wp-content\/uploads\/2024\/10\/Django-Asuel-227x300.png 227w\" sizes=\"(max-width: 316px) 100vw, 316px\" \/>\t\t\t\t\t\t\t\t\t\t\t\t\t\t\t<\/div>\n\t\t\t\t<\/div>\n\t\t\t\t\t<\/div>\n\t\t<\/div>\n\t\t\t\t<div class=\"elementor-column elementor-col-50 elementor-inner-column elementor-element elementor-element-17e19d40\" data-id=\"17e19d40\" data-element_type=\"column\" data-e-type=\"column\">\n\t\t\t<div class=\"elementor-widget-wrap elementor-element-populated\">\n\t\t\t\t\t\t<div class=\"elementor-element elementor-element-4b515e4f elementor-widget elementor-widget-text-editor\" data-id=\"4b515e4f\" data-element_type=\"widget\" data-e-type=\"widget\" data-widget_type=\"text-editor.default\">\n\t\t\t\t<div class=\"elementor-widget-container\">\n\t\t\t\t\t\t\t\t\t<p>Der Sch\u00fctzenverein\u00a0<b>DIE WILDMOOSER EGENBURG\u00a0<\/b>und die\u00a0<b>FREIWILLIGE FEUERWEHR PFAFFENHOFEN a. d. GLONN\u00a0<\/b>feiern vom 4.-7. September 2025 zusammen das 225-j\u00e4hrige (100+125) Gr\u00fcndungsfest. Schon jetzt laufen die Vorbereitungen auf Hochtouren. Monatlich trifft sich der Festausschuss, damit das breit gef\u00e4cherte Programm reibungslos abl\u00e4uft. Gestartet wird am Donnerstag mit einem politischen Abend f\u00fcr das ein hochkar\u00e4tiger bayerischer Politiker gewonnen werden konnte. Der Freitag steht ganz unter dem Motto &#8222;Party&#8220; mit der Oktoberfestband VoiGams. Der Kabarettist Django As\u00fcl sorgt am Samstagabend f\u00fcr Unterhaltung. Den H\u00f6hepunkt bildet der Festsonntag, zu dem zahlreiche Sch\u00fctzen- und Feuerwehrvereine eingeladen sind.<\/p>\n<p style=\"font-weight: 400;\">Das Fest liegt nicht mehr allzu fern in der Zukunft. Ein Zeichen daf\u00fcr ist auch der Vorverkaufsstart f\u00fcr das neue Kabarettprogramm <strong>&#8222;am Ende vorn&#8220;<\/strong> von <strong>Django As\u00fcl<\/strong>. Wer Karten f\u00fcr sich selbst oder auch als Weihnachtsgeschenk erwerben m\u00f6chte, kann dies im Vorverkauf an den folgenden Stellen tun:<\/p>\n<ul>\n<li>Raiffeisenbank Pfaffenhofen a. d. Glonn (Gesch\u00e4ftsstelle Pfaffenhofen a.d. Glonn)<\/li>\n<li>Sparkasse Dachau (Gesch\u00e4ftsstelle Odelzhausen)<\/li>\n<li>Lamplhof Pfaffenhofen a.d. Glonn<\/li>\n<li>Martina&#8217;s Friseurst\u00fcberl in Bayerzell<\/li>\n<\/ul>\n<p>\u00a0<\/p>\n<p>Die Feuerwehr und der Sch\u00fctzenverein freuen sich auf Euch!<\/p>\n<p>\u00a0<\/p>\t\t\t\t\t\t\t\t<\/div>\n\t\t\t\t<\/div>\n\t\t\t\t\t<\/div>\n\t\t<\/div>\n\t\t\t\t\t<\/div>\n\t\t<\/section>\n\t\t\t\t\t<\/div>\n\t\t<\/div>\n\t\t\t\t<div class=\"elementor-column elementor-col-50 elementor-top-column elementor-element elementor-element-20940791\" data-id=\"20940791\" data-element_type=\"column\" data-e-type=\"column\">\n\t\t\t<div class=\"elementor-widget-wrap elementor-element-populated\">\n\t\t\t\t\t\t<div class=\"elementor-element elementor-element-6a1866fa elementor-widget elementor-widget-heading\" data-id=\"6a1866fa\" data-element_type=\"widget\" data-e-type=\"widget\" data-widget_type=\"heading.default\">\n\t\t\t\t<div class=\"elementor-widget-container\">\n\t\t\t\t\t<h3 class=\"elementor-heading-title elementor-size-default\">Neueste Beitr\u00e4ge:<\/h3>\t\t\t\t<\/div>\n\t\t\t\t<\/div>\n\t\t\t\t<div class=\"elementor-element elementor-element-2d6143ae elementor-widget elementor-widget-elementskit-blog-posts\" data-id=\"2d6143ae\" data-element_type=\"widget\" data-e-type=\"widget\" data-widget_type=\"elementskit-blog-posts.default\">\n\t\t\t\t<div class=\"elementor-widget-container\">\n\t\t\t\t\t<div class=\"ekit-wid-con\" >        <div id=\"post-items--2d6143ae\" class=\"row post-items\">\n                    <div class=\"col-lg-12 col-md-12\">\n\n                                    <div class=\"elementskit-post-image-card\">\n                        <div class=\"elementskit-entry-header\">\n                            \n                            \n\t\t\t\t\t\t\t\t\t\t\t\t\t<\/div><!-- .elementskit-entry-header END -->\n\n\t\t\t\t\t\t<div class=\"elementskit-post-body \">\n\t\t\t\t\t\t\t\n\t\t\t\t\t\t\t\t\t\t\t\t\t\t\t\t\t\t\t\t\t\t\t\t\t\t\t\t\t\t\n\t\t\t\t\t\t\t\t\n\t\t\t\t\t\t\t\t\t\t\t\t\t\t\t\t\t\t\t\t\t<h2 class=\"entry-title\">\n\t\t\t\t\t<a href=\"https:\/\/www.fw-pfaffenhofen-glonn.de\/index.php\/2026\/04\/27\/wir-feiern-die-kinderflamme-und-ein-jahr-kinderfeuerwehr\/\">\n\t\t\t\t\t\tWir feiern die Kinderflamme und&hellip;\t\t\t\t\t<\/a>\n\t\t\t\t<\/h2>\n\t\t\t\t\t\t\t\t\t\t\t\t\t\t\t\t\t\t\t\t\t\t\t\t\t\t\t\t\t\t\t\t                                                            <div class=\"btn-wraper\">\n                                                                            <a class=\"elementskit-btn whitespace--normal\" id=\"\" href=\"https:\/\/www.fw-pfaffenhofen-glonn.de\/index.php\/2026\/04\/27\/wir-feiern-die-kinderflamme-und-ein-jahr-kinderfeuerwehr\/\">\n                                            Weiterlesen                                            <i aria-hidden=\"true\" class=\"fas fa-angle-right\"><\/i>                                        <\/a>\n                                    \n                                                                    <\/div>\n                                                    <\/div><!-- .elementskit-post-body END -->\n                    <\/div>\n                \n            <\/div>\n                    <div class=\"col-lg-12 col-md-12\">\n\n                                    <div class=\"elementskit-post-image-card\">\n                        <div class=\"elementskit-entry-header\">\n                            \n                            \n\t\t\t\t\t\t\t\t\t\t\t\t\t<\/div><!-- .elementskit-entry-header END -->\n\n\t\t\t\t\t\t<div class=\"elementskit-post-body \">\n\t\t\t\t\t\t\t\n\t\t\t\t\t\t\t\t\t\t\t\t\t\t\t\t\t\t\t\t\t\t\t\t\t\t\t\t\t\t\n\t\t\t\t\t\t\t\t\n\t\t\t\t\t\t\t\t\t\t\t\t\t\t\t\t\t\t\t\t\t<h2 class=\"entry-title\">\n\t\t\t\t\t<a href=\"https:\/\/www.fw-pfaffenhofen-glonn.de\/index.php\/2026\/04\/22\/e\/\">\n\t\t\t\t\t\tEine neue Truppfrau und 6&hellip;\t\t\t\t\t<\/a>\n\t\t\t\t<\/h2>\n\t\t\t\t\t\t\t\t\t\t\t\t\t\t\t\t\t\t\t\t\t\t\t\t\t\t\t\t\t\t\t\t                                                            <div class=\"btn-wraper\">\n                                                                            <a class=\"elementskit-btn whitespace--normal\" id=\"\" href=\"https:\/\/www.fw-pfaffenhofen-glonn.de\/index.php\/2026\/04\/22\/e\/\">\n                                            Weiterlesen                                            <i aria-hidden=\"true\" class=\"fas fa-angle-right\"><\/i>                                        <\/a>\n                                    \n                                                                    <\/div>\n                                                    <\/div><!-- .elementskit-post-body END -->\n                    <\/div>\n                \n            <\/div>\n                    <div class=\"col-lg-12 col-md-12\">\n\n                                    <div class=\"elementskit-post-image-card\">\n                        <div class=\"elementskit-entry-header\">\n                            \n                            \n\t\t\t\t\t\t\t\t\t\t\t\t\t<\/div><!-- .elementskit-entry-header END -->\n\n\t\t\t\t\t\t<div class=\"elementskit-post-body \">\n\t\t\t\t\t\t\t\n\t\t\t\t\t\t\t\t\t\t\t\t\t\t\t\t\t\t\t\t\t\t\t\t\t\t\t\t\t\t\n\t\t\t\t\t\t\t\t\n\t\t\t\t\t\t\t\t\t\t\t\t\t\t\t\t\t\t\t\t\t<h2 class=\"entry-title\">\n\t\t\t\t\t<a href=\"https:\/\/www.fw-pfaffenhofen-glonn.de\/index.php\/2026\/04\/15\/fr\/\">\n\t\t\t\t\t\tFr\u00fchjahrs\u00fcbung\t\t\t\t\t<\/a>\n\t\t\t\t<\/h2>\n\t\t\t\t\t\t\t\t\t\t\t\t\t\t\t\t\t\t\t\t\t\t\t\t\t\t\t\t\t\t\t\t                                                            <div class=\"btn-wraper\">\n                                                                            <a class=\"elementskit-btn whitespace--normal\" id=\"\" href=\"https:\/\/www.fw-pfaffenhofen-glonn.de\/index.php\/2026\/04\/15\/fr\/\">\n                                            Weiterlesen                                            <i aria-hidden=\"true\" class=\"fas fa-angle-right\"><\/i>                                        <\/a>\n                                    \n                                                                    <\/div>\n                                                    <\/div><!-- .elementskit-post-body END -->\n                    <\/div>\n                \n            <\/div>\n                    <div class=\"col-lg-12 col-md-12\">\n\n                                    <div class=\"elementskit-post-image-card\">\n                        <div class=\"elementskit-entry-header\">\n                            \n                            \n\t\t\t\t\t\t\t\t\t\t\t\t\t<\/div><!-- .elementskit-entry-header END -->\n\n\t\t\t\t\t\t<div class=\"elementskit-post-body \">\n\t\t\t\t\t\t\t\n\t\t\t\t\t\t\t\t\t\t\t\t\t\t\t\t\t\t\t\t\t\t\t\t\t\t\t\t\t\t\n\t\t\t\t\t\t\t\t\n\t\t\t\t\t\t\t\t\t\t\t\t\t\t\t\t\t\t\t\t\t<h2 class=\"entry-title\">\n\t\t\t\t\t<a href=\"https:\/\/www.fw-pfaffenhofen-glonn.de\/index.php\/2026\/02\/07\/helferfest-31-januar\/\">\n\t\t\t\t\t\tHelferfest (31. Januar)\t\t\t\t\t<\/a>\n\t\t\t\t<\/h2>\n\t\t\t\t\t\t\t\t\t\t\t\t\t\t\t\t\t\t\t\t\t\t\t\t\t\t\t\t\t\t\t\t                                                            <div class=\"btn-wraper\">\n                                                                            <a class=\"elementskit-btn whitespace--normal\" id=\"\" href=\"https:\/\/www.fw-pfaffenhofen-glonn.de\/index.php\/2026\/02\/07\/helferfest-31-januar\/\">\n                                            Weiterlesen                                            <i aria-hidden=\"true\" class=\"fas fa-angle-right\"><\/i>                                        <\/a>\n                                    \n                                                                    <\/div>\n                                                    <\/div><!-- .elementskit-post-body END -->\n                    <\/div>\n                \n            <\/div>\n                <\/div>\n       <\/div>\t\t\t\t<\/div>\n\t\t\t\t<\/div>\n\t\t\t\t<div class=\"elementor-element elementor-element-47ba000d elementor-align-center elementor-widget elementor-widget-button\" data-id=\"47ba000d\" data-element_type=\"widget\" data-e-type=\"widget\" data-widget_type=\"button.default\">\n\t\t\t\t<div class=\"elementor-widget-container\">\n\t\t\t\t\t\t\t\t\t<div class=\"elementor-button-wrapper\">\n\t\t\t\t\t<a class=\"elementor-button elementor-button-link elementor-size-md elementor-animation-grow\" href=\"https:\/\/www.fw-pfaffenhofen-glonn.de\/index.php\/aktuelles\/\">\n\t\t\t\t\t\t<span class=\"elementor-button-content-wrapper\">\n\t\t\t\t\t\t\t\t\t<span class=\"elementor-button-text\">Alle Beitr\u00e4ge<\/span>\n\t\t\t\t\t<\/span>\n\t\t\t\t\t<\/a>\n\t\t\t\t<\/div>\n\t\t\t\t\t\t\t\t<\/div>\n\t\t\t\t<\/div>\n\t\t\t\t\t<\/div>\n\t\t<\/div>\n\t\t\t\t\t<\/div>\n\t\t<\/section>\n\t\t\t\t<\/div>\n\t\t","protected":false},"excerpt":{"rendered":"<p>kommt nach Pfaffenhofen a.d. GlonnKartenvorverkauf gestartet! Django As\u00fcl kommt nach Pfaffenhofen a.d. Glonn Kartenvorverkauf gestartet! Der Sch\u00fctzenverein\u00a0DIE WILDMOOSER EGENBURG\u00a0und die\u00a0FREIWILLIGE FEUERWEHR PFAFFENHOFEN a. d. GLONN\u00a0feiern vom 4.-7. September 2025 zusammen das 225-j\u00e4hrige (100+125) Gr\u00fcndungsfest. Schon jetzt laufen die Vorbereitungen auf Hochtouren. Monatlich trifft sich der Festausschuss, damit das breit gef\u00e4cherte Programm reibungslos abl\u00e4uft. Gestartet wird [&hellip;]<\/p>\n","protected":false},"author":3,"featured_media":0,"comment_status":"closed","ping_status":"open","sticky":false,"template":"","format":"standard","meta":{"iawp_total_views":227,"footnotes":""},"categories":[1],"tags":[],"class_list":["post-2320","post","type-post","status-publish","format-standard","hentry","category-uncategorized"],"yoast_head":"<!-- This site is optimized with the Yoast SEO plugin v27.5 - https:\/\/yoast.com\/product\/yoast-seo-wordpress\/ -->\n<title>Django As\u00fcl - Freiwillige Feuerwehr Pfaffenhofen a. d. Glonn e.V.<\/title>\n<meta name=\"robots\" content=\"index, follow, max-snippet:-1, max-image-preview:large, max-video-preview:-1\" \/>\n<link rel=\"canonical\" href=\"https:\/\/www.fw-pfaffenhofen-glonn.de\/index.php\/2024\/10\/23\/django-asul\/\" \/>\n<meta property=\"og:locale\" content=\"de_DE\" \/>\n<meta property=\"og:type\" content=\"article\" \/>\n<meta property=\"og:title\" content=\"Django As\u00fcl - Freiwillige Feuerwehr Pfaffenhofen a. d. Glonn e.V.\" \/>\n<meta property=\"og:description\" content=\"kommt nach Pfaffenhofen a.d. GlonnKartenvorverkauf gestartet! Django As\u00fcl kommt nach Pfaffenhofen a.d. Glonn Kartenvorverkauf gestartet! Der Sch\u00fctzenverein\u00a0DIE WILDMOOSER EGENBURG\u00a0und die\u00a0FREIWILLIGE FEUERWEHR PFAFFENHOFEN a. d. GLONN\u00a0feiern vom 4.-7. September 2025 zusammen das 225-j\u00e4hrige (100+125) Gr\u00fcndungsfest. Schon jetzt laufen die Vorbereitungen auf Hochtouren. Monatlich trifft sich der Festausschuss, damit das breit gef\u00e4cherte Programm reibungslos abl\u00e4uft. Gestartet wird [&hellip;]\" \/>\n<meta property=\"og:url\" content=\"https:\/\/www.fw-pfaffenhofen-glonn.de\/index.php\/2024\/10\/23\/django-asul\/\" \/>\n<meta property=\"og:site_name\" content=\"Freiwillige Feuerwehr Pfaffenhofen a. d. Glonn e.V.\" \/>\n<meta property=\"article:published_time\" content=\"2024-10-23T11:31:08+00:00\" \/>\n<meta property=\"article:modified_time\" content=\"2024-10-23T16:26:12+00:00\" \/>\n<meta property=\"og:image\" content=\"https:\/\/www.fw-pfaffenhofen-glonn.de\/wp-content\/uploads\/2024\/10\/Gruendungsfest.png\" \/>\n\t<meta property=\"og:image:width\" content=\"318\" \/>\n\t<meta property=\"og:image:height\" content=\"187\" \/>\n\t<meta property=\"og:image:type\" content=\"image\/png\" \/>\n<meta name=\"author\" content=\"Rene Knopp\" \/>\n<meta name=\"twitter:card\" content=\"summary_large_image\" \/>\n<meta name=\"twitter:label1\" content=\"Verfasst von\" \/>\n\t<meta name=\"twitter:data1\" content=\"Rene Knopp\" \/>\n\t<meta name=\"twitter:label2\" content=\"Gesch\u00e4tzte Lesezeit\" \/>\n\t<meta name=\"twitter:data2\" content=\"2\u00a0Minuten\" \/>\n<script type=\"application\/ld+json\" class=\"yoast-schema-graph\">{\"@context\":\"https:\\\/\\\/schema.org\",\"@graph\":[{\"@type\":\"Article\",\"@id\":\"https:\\\/\\\/www.fw-pfaffenhofen-glonn.de\\\/index.php\\\/2024\\\/10\\\/23\\\/django-asul\\\/#article\",\"isPartOf\":{\"@id\":\"https:\\\/\\\/www.fw-pfaffenhofen-glonn.de\\\/index.php\\\/2024\\\/10\\\/23\\\/django-asul\\\/\"},\"author\":{\"name\":\"Rene Knopp\",\"@id\":\"https:\\\/\\\/www.fw-pfaffenhofen-glonn.de\\\/#\\\/schema\\\/person\\\/ec82cc592093d991c604a4c2e29040de\"},\"headline\":\"Django As\u00fcl\",\"datePublished\":\"2024-10-23T11:31:08+00:00\",\"dateModified\":\"2024-10-23T16:26:12+00:00\",\"mainEntityOfPage\":{\"@id\":\"https:\\\/\\\/www.fw-pfaffenhofen-glonn.de\\\/index.php\\\/2024\\\/10\\\/23\\\/django-asul\\\/\"},\"wordCount\":240,\"publisher\":{\"@id\":\"https:\\\/\\\/www.fw-pfaffenhofen-glonn.de\\\/#organization\"},\"image\":{\"@id\":\"https:\\\/\\\/www.fw-pfaffenhofen-glonn.de\\\/index.php\\\/2024\\\/10\\\/23\\\/django-asul\\\/#primaryimage\"},\"thumbnailUrl\":\"https:\\\/\\\/www.fw-pfaffenhofen-glonn.de\\\/wp-content\\\/uploads\\\/2024\\\/10\\\/Gruendungsfest.png\",\"articleSection\":[\"Uncategorized\"],\"inLanguage\":\"de\"},{\"@type\":\"WebPage\",\"@id\":\"https:\\\/\\\/www.fw-pfaffenhofen-glonn.de\\\/index.php\\\/2024\\\/10\\\/23\\\/django-asul\\\/\",\"url\":\"https:\\\/\\\/www.fw-pfaffenhofen-glonn.de\\\/index.php\\\/2024\\\/10\\\/23\\\/django-asul\\\/\",\"name\":\"Django As\u00fcl - Freiwillige Feuerwehr Pfaffenhofen a. d. Glonn e.V.\",\"isPartOf\":{\"@id\":\"https:\\\/\\\/www.fw-pfaffenhofen-glonn.de\\\/#website\"},\"primaryImageOfPage\":{\"@id\":\"https:\\\/\\\/www.fw-pfaffenhofen-glonn.de\\\/index.php\\\/2024\\\/10\\\/23\\\/django-asul\\\/#primaryimage\"},\"image\":{\"@id\":\"https:\\\/\\\/www.fw-pfaffenhofen-glonn.de\\\/index.php\\\/2024\\\/10\\\/23\\\/django-asul\\\/#primaryimage\"},\"thumbnailUrl\":\"https:\\\/\\\/www.fw-pfaffenhofen-glonn.de\\\/wp-content\\\/uploads\\\/2024\\\/10\\\/Gruendungsfest.png\",\"datePublished\":\"2024-10-23T11:31:08+00:00\",\"dateModified\":\"2024-10-23T16:26:12+00:00\",\"breadcrumb\":{\"@id\":\"https:\\\/\\\/www.fw-pfaffenhofen-glonn.de\\\/index.php\\\/2024\\\/10\\\/23\\\/django-asul\\\/#breadcrumb\"},\"inLanguage\":\"de\",\"potentialAction\":[{\"@type\":\"ReadAction\",\"target\":[\"https:\\\/\\\/www.fw-pfaffenhofen-glonn.de\\\/index.php\\\/2024\\\/10\\\/23\\\/django-asul\\\/\"]}]},{\"@type\":\"ImageObject\",\"inLanguage\":\"de\",\"@id\":\"https:\\\/\\\/www.fw-pfaffenhofen-glonn.de\\\/index.php\\\/2024\\\/10\\\/23\\\/django-asul\\\/#primaryimage\",\"url\":\"https:\\\/\\\/www.fw-pfaffenhofen-glonn.de\\\/wp-content\\\/uploads\\\/2024\\\/10\\\/Gruendungsfest.png\",\"contentUrl\":\"https:\\\/\\\/www.fw-pfaffenhofen-glonn.de\\\/wp-content\\\/uploads\\\/2024\\\/10\\\/Gruendungsfest.png\",\"width\":318,\"height\":187},{\"@type\":\"BreadcrumbList\",\"@id\":\"https:\\\/\\\/www.fw-pfaffenhofen-glonn.de\\\/index.php\\\/2024\\\/10\\\/23\\\/django-asul\\\/#breadcrumb\",\"itemListElement\":[{\"@type\":\"ListItem\",\"position\":1,\"name\":\"Startseite\",\"item\":\"https:\\\/\\\/www.fw-pfaffenhofen-glonn.de\\\/\"},{\"@type\":\"ListItem\",\"position\":2,\"name\":\"Django As\u00fcl\"}]},{\"@type\":\"WebSite\",\"@id\":\"https:\\\/\\\/www.fw-pfaffenhofen-glonn.de\\\/#website\",\"url\":\"https:\\\/\\\/www.fw-pfaffenhofen-glonn.de\\\/\",\"name\":\"Freiwillige Feuerwehr Pfaffenhofen a. d. Glonn e.V.\",\"description\":\"\",\"publisher\":{\"@id\":\"https:\\\/\\\/www.fw-pfaffenhofen-glonn.de\\\/#organization\"},\"potentialAction\":[{\"@type\":\"SearchAction\",\"target\":{\"@type\":\"EntryPoint\",\"urlTemplate\":\"https:\\\/\\\/www.fw-pfaffenhofen-glonn.de\\\/?s={search_term_string}\"},\"query-input\":{\"@type\":\"PropertyValueSpecification\",\"valueRequired\":true,\"valueName\":\"search_term_string\"}}],\"inLanguage\":\"de\"},{\"@type\":\"Organization\",\"@id\":\"https:\\\/\\\/www.fw-pfaffenhofen-glonn.de\\\/#organization\",\"name\":\"Freiwillige Feuerwehr Pfaffenhofen a. d. Glonn e.V.\",\"url\":\"https:\\\/\\\/www.fw-pfaffenhofen-glonn.de\\\/\",\"logo\":{\"@type\":\"ImageObject\",\"inLanguage\":\"de\",\"@id\":\"https:\\\/\\\/www.fw-pfaffenhofen-glonn.de\\\/#\\\/schema\\\/logo\\\/image\\\/\",\"url\":\"https:\\\/\\\/www.fw-pfaffenhofen-glonn.de\\\/wp-content\\\/uploads\\\/2023\\\/06\\\/Feuerwehr-Pfaffenhofen-Logo-invertiert-header-2.png\",\"contentUrl\":\"https:\\\/\\\/www.fw-pfaffenhofen-glonn.de\\\/wp-content\\\/uploads\\\/2023\\\/06\\\/Feuerwehr-Pfaffenhofen-Logo-invertiert-header-2.png\",\"width\":1077,\"height\":500,\"caption\":\"Freiwillige Feuerwehr Pfaffenhofen a. d. Glonn e.V.\"},\"image\":{\"@id\":\"https:\\\/\\\/www.fw-pfaffenhofen-glonn.de\\\/#\\\/schema\\\/logo\\\/image\\\/\"}},{\"@type\":\"Person\",\"@id\":\"https:\\\/\\\/www.fw-pfaffenhofen-glonn.de\\\/#\\\/schema\\\/person\\\/ec82cc592093d991c604a4c2e29040de\",\"name\":\"Rene Knopp\",\"image\":{\"@type\":\"ImageObject\",\"inLanguage\":\"de\",\"@id\":\"https:\\\/\\\/secure.gravatar.com\\\/avatar\\\/183c759e5d681a4504c09b43d7455e9bc3aeda293d8d2474630df4120940822a?s=96&d=mm&r=g\",\"url\":\"https:\\\/\\\/secure.gravatar.com\\\/avatar\\\/183c759e5d681a4504c09b43d7455e9bc3aeda293d8d2474630df4120940822a?s=96&d=mm&r=g\",\"contentUrl\":\"https:\\\/\\\/secure.gravatar.com\\\/avatar\\\/183c759e5d681a4504c09b43d7455e9bc3aeda293d8d2474630df4120940822a?s=96&d=mm&r=g\",\"caption\":\"Rene Knopp\"}}]}<\/script>\n<!-- \/ Yoast SEO plugin. -->","yoast_head_json":{"title":"Django As\u00fcl - Freiwillige Feuerwehr Pfaffenhofen a. d. Glonn e.V.","robots":{"index":"index","follow":"follow","max-snippet":"max-snippet:-1","max-image-preview":"max-image-preview:large","max-video-preview":"max-video-preview:-1"},"canonical":"https:\/\/www.fw-pfaffenhofen-glonn.de\/index.php\/2024\/10\/23\/django-asul\/","og_locale":"de_DE","og_type":"article","og_title":"Django As\u00fcl - Freiwillige Feuerwehr Pfaffenhofen a. d. Glonn e.V.","og_description":"kommt nach Pfaffenhofen a.d. GlonnKartenvorverkauf gestartet! Django As\u00fcl kommt nach Pfaffenhofen a.d. Glonn Kartenvorverkauf gestartet! Der Sch\u00fctzenverein\u00a0DIE WILDMOOSER EGENBURG\u00a0und die\u00a0FREIWILLIGE FEUERWEHR PFAFFENHOFEN a. d. GLONN\u00a0feiern vom 4.-7. September 2025 zusammen das 225-j\u00e4hrige (100+125) Gr\u00fcndungsfest. Schon jetzt laufen die Vorbereitungen auf Hochtouren. Monatlich trifft sich der Festausschuss, damit das breit gef\u00e4cherte Programm reibungslos abl\u00e4uft. Gestartet wird [&hellip;]","og_url":"https:\/\/www.fw-pfaffenhofen-glonn.de\/index.php\/2024\/10\/23\/django-asul\/","og_site_name":"Freiwillige Feuerwehr Pfaffenhofen a. d. Glonn e.V.","article_published_time":"2024-10-23T11:31:08+00:00","article_modified_time":"2024-10-23T16:26:12+00:00","og_image":[{"width":318,"height":187,"url":"https:\/\/www.fw-pfaffenhofen-glonn.de\/wp-content\/uploads\/2024\/10\/Gruendungsfest.png","type":"image\/png"}],"author":"Rene Knopp","twitter_card":"summary_large_image","twitter_misc":{"Verfasst von":"Rene Knopp","Gesch\u00e4tzte Lesezeit":"2\u00a0Minuten"},"schema":{"@context":"https:\/\/schema.org","@graph":[{"@type":"Article","@id":"https:\/\/www.fw-pfaffenhofen-glonn.de\/index.php\/2024\/10\/23\/django-asul\/#article","isPartOf":{"@id":"https:\/\/www.fw-pfaffenhofen-glonn.de\/index.php\/2024\/10\/23\/django-asul\/"},"author":{"name":"Rene Knopp","@id":"https:\/\/www.fw-pfaffenhofen-glonn.de\/#\/schema\/person\/ec82cc592093d991c604a4c2e29040de"},"headline":"Django As\u00fcl","datePublished":"2024-10-23T11:31:08+00:00","dateModified":"2024-10-23T16:26:12+00:00","mainEntityOfPage":{"@id":"https:\/\/www.fw-pfaffenhofen-glonn.de\/index.php\/2024\/10\/23\/django-asul\/"},"wordCount":240,"publisher":{"@id":"https:\/\/www.fw-pfaffenhofen-glonn.de\/#organization"},"image":{"@id":"https:\/\/www.fw-pfaffenhofen-glonn.de\/index.php\/2024\/10\/23\/django-asul\/#primaryimage"},"thumbnailUrl":"https:\/\/www.fw-pfaffenhofen-glonn.de\/wp-content\/uploads\/2024\/10\/Gruendungsfest.png","articleSection":["Uncategorized"],"inLanguage":"de"},{"@type":"WebPage","@id":"https:\/\/www.fw-pfaffenhofen-glonn.de\/index.php\/2024\/10\/23\/django-asul\/","url":"https:\/\/www.fw-pfaffenhofen-glonn.de\/index.php\/2024\/10\/23\/django-asul\/","name":"Django As\u00fcl - Freiwillige Feuerwehr Pfaffenhofen a. d. Glonn e.V.","isPartOf":{"@id":"https:\/\/www.fw-pfaffenhofen-glonn.de\/#website"},"primaryImageOfPage":{"@id":"https:\/\/www.fw-pfaffenhofen-glonn.de\/index.php\/2024\/10\/23\/django-asul\/#primaryimage"},"image":{"@id":"https:\/\/www.fw-pfaffenhofen-glonn.de\/index.php\/2024\/10\/23\/django-asul\/#primaryimage"},"thumbnailUrl":"https:\/\/www.fw-pfaffenhofen-glonn.de\/wp-content\/uploads\/2024\/10\/Gruendungsfest.png","datePublished":"2024-10-23T11:31:08+00:00","dateModified":"2024-10-23T16:26:12+00:00","breadcrumb":{"@id":"https:\/\/www.fw-pfaffenhofen-glonn.de\/index.php\/2024\/10\/23\/django-asul\/#breadcrumb"},"inLanguage":"de","potentialAction":[{"@type":"ReadAction","target":["https:\/\/www.fw-pfaffenhofen-glonn.de\/index.php\/2024\/10\/23\/django-asul\/"]}]},{"@type":"ImageObject","inLanguage":"de","@id":"https:\/\/www.fw-pfaffenhofen-glonn.de\/index.php\/2024\/10\/23\/django-asul\/#primaryimage","url":"https:\/\/www.fw-pfaffenhofen-glonn.de\/wp-content\/uploads\/2024\/10\/Gruendungsfest.png","contentUrl":"https:\/\/www.fw-pfaffenhofen-glonn.de\/wp-content\/uploads\/2024\/10\/Gruendungsfest.png","width":318,"height":187},{"@type":"BreadcrumbList","@id":"https:\/\/www.fw-pfaffenhofen-glonn.de\/index.php\/2024\/10\/23\/django-asul\/#breadcrumb","itemListElement":[{"@type":"ListItem","position":1,"name":"Startseite","item":"https:\/\/www.fw-pfaffenhofen-glonn.de\/"},{"@type":"ListItem","position":2,"name":"Django As\u00fcl"}]},{"@type":"WebSite","@id":"https:\/\/www.fw-pfaffenhofen-glonn.de\/#website","url":"https:\/\/www.fw-pfaffenhofen-glonn.de\/","name":"Freiwillige Feuerwehr Pfaffenhofen a. d. Glonn e.V.","description":"","publisher":{"@id":"https:\/\/www.fw-pfaffenhofen-glonn.de\/#organization"},"potentialAction":[{"@type":"SearchAction","target":{"@type":"EntryPoint","urlTemplate":"https:\/\/www.fw-pfaffenhofen-glonn.de\/?s={search_term_string}"},"query-input":{"@type":"PropertyValueSpecification","valueRequired":true,"valueName":"search_term_string"}}],"inLanguage":"de"},{"@type":"Organization","@id":"https:\/\/www.fw-pfaffenhofen-glonn.de\/#organization","name":"Freiwillige Feuerwehr Pfaffenhofen a. d. Glonn e.V.","url":"https:\/\/www.fw-pfaffenhofen-glonn.de\/","logo":{"@type":"ImageObject","inLanguage":"de","@id":"https:\/\/www.fw-pfaffenhofen-glonn.de\/#\/schema\/logo\/image\/","url":"https:\/\/www.fw-pfaffenhofen-glonn.de\/wp-content\/uploads\/2023\/06\/Feuerwehr-Pfaffenhofen-Logo-invertiert-header-2.png","contentUrl":"https:\/\/www.fw-pfaffenhofen-glonn.de\/wp-content\/uploads\/2023\/06\/Feuerwehr-Pfaffenhofen-Logo-invertiert-header-2.png","width":1077,"height":500,"caption":"Freiwillige Feuerwehr Pfaffenhofen a. d. Glonn e.V."},"image":{"@id":"https:\/\/www.fw-pfaffenhofen-glonn.de\/#\/schema\/logo\/image\/"}},{"@type":"Person","@id":"https:\/\/www.fw-pfaffenhofen-glonn.de\/#\/schema\/person\/ec82cc592093d991c604a4c2e29040de","name":"Rene Knopp","image":{"@type":"ImageObject","inLanguage":"de","@id":"https:\/\/secure.gravatar.com\/avatar\/183c759e5d681a4504c09b43d7455e9bc3aeda293d8d2474630df4120940822a?s=96&d=mm&r=g","url":"https:\/\/secure.gravatar.com\/avatar\/183c759e5d681a4504c09b43d7455e9bc3aeda293d8d2474630df4120940822a?s=96&d=mm&r=g","contentUrl":"https:\/\/secure.gravatar.com\/avatar\/183c759e5d681a4504c09b43d7455e9bc3aeda293d8d2474630df4120940822a?s=96&d=mm&r=g","caption":"Rene Knopp"}}]}},"_links":{"self":[{"href":"https:\/\/www.fw-pfaffenhofen-glonn.de\/index.php\/wp-json\/wp\/v2\/posts\/2320","targetHints":{"allow":["GET"]}}],"collection":[{"href":"https:\/\/www.fw-pfaffenhofen-glonn.de\/index.php\/wp-json\/wp\/v2\/posts"}],"about":[{"href":"https:\/\/www.fw-pfaffenhofen-glonn.de\/index.php\/wp-json\/wp\/v2\/types\/post"}],"author":[{"embeddable":true,"href":"https:\/\/www.fw-pfaffenhofen-glonn.de\/index.php\/wp-json\/wp\/v2\/users\/3"}],"replies":[{"embeddable":true,"href":"https:\/\/www.fw-pfaffenhofen-glonn.de\/index.php\/wp-json\/wp\/v2\/comments?post=2320"}],"version-history":[{"count":11,"href":"https:\/\/www.fw-pfaffenhofen-glonn.de\/index.php\/wp-json\/wp\/v2\/posts\/2320\/revisions"}],"predecessor-version":[{"id":2333,"href":"https:\/\/www.fw-pfaffenhofen-glonn.de\/index.php\/wp-json\/wp\/v2\/posts\/2320\/revisions\/2333"}],"wp:attachment":[{"href":"https:\/\/www.fw-pfaffenhofen-glonn.de\/index.php\/wp-json\/wp\/v2\/media?parent=2320"}],"wp:term":[{"taxonomy":"category","embeddable":true,"href":"https:\/\/www.fw-pfaffenhofen-glonn.de\/index.php\/wp-json\/wp\/v2\/categories?post=2320"},{"taxonomy":"post_tag","embeddable":true,"href":"https:\/\/www.fw-pfaffenhofen-glonn.de\/index.php\/wp-json\/wp\/v2\/tags?post=2320"}],"curies":[{"name":"wp","href":"https:\/\/api.w.org\/{rel}","templated":true}]}}