{"id":2440,"date":"2024-10-03T21:23:09","date_gmt":"2024-10-03T19:23:09","guid":{"rendered":"https:\/\/www.fw-pfaffenhofen-glonn.de\/?p=2440"},"modified":"2024-11-16T21:32:41","modified_gmt":"2024-11-16T20:32:41","slug":"wer-liegt-denn-da","status":"publish","type":"post","link":"https:\/\/www.fw-pfaffenhofen-glonn.de\/index.php\/2024\/10\/03\/wer-liegt-denn-da\/","title":{"rendered":"Wer liegt denn da"},"content":{"rendered":"\t\t<div data-elementor-type=\"wp-post\" data-elementor-id=\"2440\" class=\"elementor elementor-2440\">\n\t\t\t\t\t\t<section class=\"elementor-section elementor-top-section elementor-element elementor-element-5afe5ffa elementor-section-boxed elementor-section-height-default elementor-section-height-default\" data-id=\"5afe5ffa\" data-element_type=\"section\" data-e-type=\"section\" data-settings=\"{&quot;background_background&quot;:&quot;classic&quot;}\">\n\t\t\t\t\t\t<div class=\"elementor-container elementor-column-gap-default\">\n\t\t\t\t\t<div class=\"elementor-column elementor-col-50 elementor-top-column elementor-element elementor-element-222f87c4\" data-id=\"222f87c4\" data-element_type=\"column\" data-e-type=\"column\">\n\t\t\t<div class=\"elementor-widget-wrap elementor-element-populated\">\n\t\t\t\t\t\t<div class=\"elementor-element elementor-element-1ea6057a elementor-widget elementor-widget-heading\" data-id=\"1ea6057a\" data-element_type=\"widget\" data-e-type=\"widget\" data-widget_type=\"heading.default\">\n\t\t\t\t<div class=\"elementor-widget-container\">\n\t\t\t\t\t<h1 class=\"elementor-heading-title elementor-size-default\">Wer liegt denn da<\/h1>\t\t\t\t<\/div>\n\t\t\t\t<\/div>\n\t\t\t\t<section class=\"elementor-section elementor-inner-section elementor-element elementor-element-1645d5ab elementor-section-boxed elementor-section-height-default elementor-section-height-default\" data-id=\"1645d5ab\" data-element_type=\"section\" data-e-type=\"section\">\n\t\t\t\t\t\t<div class=\"elementor-container elementor-column-gap-default\">\n\t\t\t\t\t<div class=\"elementor-column elementor-col-50 elementor-inner-column elementor-element elementor-element-1ec79986\" data-id=\"1ec79986\" data-element_type=\"column\" data-e-type=\"column\">\n\t\t\t<div class=\"elementor-widget-wrap elementor-element-populated\">\n\t\t\t\t\t\t<div class=\"elementor-element elementor-element-1328c950 elementor-widget elementor-widget-image\" data-id=\"1328c950\" data-element_type=\"widget\" data-e-type=\"widget\" data-widget_type=\"image.default\">\n\t\t\t\t<div class=\"elementor-widget-container\">\n\t\t\t\t\t\t\t\t\t\t\t\t\t\t\t<img fetchpriority=\"high\" decoding=\"async\" width=\"330\" height=\"201\" src=\"https:\/\/www.fw-pfaffenhofen-glonn.de\/wp-content\/uploads\/2024\/11\/Seitenlage-1.jpg\" class=\"attachment-large size-large wp-image-2442\" alt=\"\" srcset=\"https:\/\/www.fw-pfaffenhofen-glonn.de\/wp-content\/uploads\/2024\/11\/Seitenlage-1.jpg 330w, https:\/\/www.fw-pfaffenhofen-glonn.de\/wp-content\/uploads\/2024\/11\/Seitenlage-1-300x183.jpg 300w\" sizes=\"(max-width: 330px) 100vw, 330px\" \/>\t\t\t\t\t\t\t\t\t\t\t\t\t\t\t<\/div>\n\t\t\t\t<\/div>\n\t\t\t\t<div class=\"elementor-element elementor-element-4495998c elementor-widget elementor-widget-image\" data-id=\"4495998c\" data-element_type=\"widget\" data-e-type=\"widget\" data-widget_type=\"image.default\">\n\t\t\t\t<div class=\"elementor-widget-container\">\n\t\t\t\t\t\t\t\t\t\t\t\t\t\t\t<img decoding=\"async\" width=\"296\" height=\"188\" src=\"https:\/\/www.fw-pfaffenhofen-glonn.de\/wp-content\/uploads\/2024\/11\/Seitenlage-2.jpg\" class=\"attachment-large size-large wp-image-2443\" alt=\"\" \/>\t\t\t\t\t\t\t\t\t\t\t\t\t\t\t<\/div>\n\t\t\t\t<\/div>\n\t\t\t\t<div class=\"elementor-element elementor-element-6f555fc0 elementor-widget elementor-widget-image\" data-id=\"6f555fc0\" data-element_type=\"widget\" data-e-type=\"widget\" data-widget_type=\"image.default\">\n\t\t\t\t<div class=\"elementor-widget-container\">\n\t\t\t\t\t\t\t\t\t\t\t\t\t\t\t<img decoding=\"async\" width=\"800\" height=\"396\" src=\"https:\/\/www.fw-pfaffenhofen-glonn.de\/wp-content\/uploads\/2024\/11\/Seitenlage-3.png\" class=\"attachment-large size-large wp-image-2444\" alt=\"\" srcset=\"https:\/\/www.fw-pfaffenhofen-glonn.de\/wp-content\/uploads\/2024\/11\/Seitenlage-3.png 820w, https:\/\/www.fw-pfaffenhofen-glonn.de\/wp-content\/uploads\/2024\/11\/Seitenlage-3-300x149.png 300w, https:\/\/www.fw-pfaffenhofen-glonn.de\/wp-content\/uploads\/2024\/11\/Seitenlage-3-768x380.png 768w\" sizes=\"(max-width: 800px) 100vw, 800px\" \/>\t\t\t\t\t\t\t\t\t\t\t\t\t\t\t<\/div>\n\t\t\t\t<\/div>\n\t\t\t\t<div class=\"elementor-element elementor-element-70ac27f0 elementor-widget elementor-widget-image\" data-id=\"70ac27f0\" data-element_type=\"widget\" data-e-type=\"widget\" data-widget_type=\"image.default\">\n\t\t\t\t<div class=\"elementor-widget-container\">\n\t\t\t\t\t\t\t\t\t\t\t\t\t\t\t<img loading=\"lazy\" decoding=\"async\" width=\"318\" height=\"238\" src=\"https:\/\/www.fw-pfaffenhofen-glonn.de\/wp-content\/uploads\/2024\/11\/Seitenlage-4.jpg\" class=\"attachment-large size-large wp-image-2445\" alt=\"\" srcset=\"https:\/\/www.fw-pfaffenhofen-glonn.de\/wp-content\/uploads\/2024\/11\/Seitenlage-4.jpg 318w, https:\/\/www.fw-pfaffenhofen-glonn.de\/wp-content\/uploads\/2024\/11\/Seitenlage-4-300x225.jpg 300w\" sizes=\"(max-width: 318px) 100vw, 318px\" \/>\t\t\t\t\t\t\t\t\t\t\t\t\t\t\t<\/div>\n\t\t\t\t<\/div>\n\t\t\t\t\t<\/div>\n\t\t<\/div>\n\t\t\t\t<div class=\"elementor-column elementor-col-50 elementor-inner-column elementor-element elementor-element-48c276dd\" data-id=\"48c276dd\" data-element_type=\"column\" data-e-type=\"column\">\n\t\t\t<div class=\"elementor-widget-wrap elementor-element-populated\">\n\t\t\t\t\t\t<div class=\"elementor-element elementor-element-45681d69 elementor-widget elementor-widget-text-editor\" data-id=\"45681d69\" data-element_type=\"widget\" data-e-type=\"widget\" data-widget_type=\"text-editor.default\">\n\t\t\t\t<div class=\"elementor-widget-container\">\n\t\t\t\t\t\t\t\t\t<p style=\"font-weight: 400;\"><strong>In der September-\u00dcbung stellten wir uns der Herausforderung,\u00a0<\/strong><strong>Verkehrsunfall mit einem PKW in Seitenlage<\/strong><\/p><div><b>Die ersten Ma\u00dfnahmen, Absichern der Einsatzstelle, Brandschutz und Stabilisieren mit Schlauchbr\u00fccken wurden z\u00fcgig durchgef\u00fchrt, danach konnte der sogenannte \u201eInnere Retter\u201c \u00fcber den Kofferraum in das\u00a0 Fahrzeug zur Verletzen Person, die durch eine \u00dcbungspuppe dargestellt wurde.<\/b><\/div><div><p style=\"font-weight: 400;\"><strong>Zur weiteren Stabilisierung wurde der PKW mit Spanngurten und einem Einrei\u00dfhaken als St\u00fctze an einem Baum gesichert.<\/strong><\/p><p style=\"font-weight: 400;\"><strong>Zur \u00d6ffnung des Daches kommt die Hydraulischer Schere und eine Akku-S\u00e4bels\u00e4ge zum Einsatz, mit dem Spineboard konnte der Verletzte aus seiner misslichen Lage gerettet werden.<\/strong><\/p><p>\u00a0<\/p><\/div>\t\t\t\t\t\t\t\t<\/div>\n\t\t\t\t<\/div>\n\t\t\t\t\t<\/div>\n\t\t<\/div>\n\t\t\t\t\t<\/div>\n\t\t<\/section>\n\t\t\t\t\t<\/div>\n\t\t<\/div>\n\t\t\t\t<div class=\"elementor-column elementor-col-50 elementor-top-column elementor-element elementor-element-3fbcbf90\" data-id=\"3fbcbf90\" data-element_type=\"column\" data-e-type=\"column\">\n\t\t\t<div class=\"elementor-widget-wrap elementor-element-populated\">\n\t\t\t\t\t\t<div class=\"elementor-element elementor-element-9e9e614 elementor-widget elementor-widget-heading\" data-id=\"9e9e614\" data-element_type=\"widget\" data-e-type=\"widget\" data-widget_type=\"heading.default\">\n\t\t\t\t<div class=\"elementor-widget-container\">\n\t\t\t\t\t<h3 class=\"elementor-heading-title elementor-size-default\">Neueste Beitr\u00e4ge:<\/h3>\t\t\t\t<\/div>\n\t\t\t\t<\/div>\n\t\t\t\t<div class=\"elementor-element elementor-element-259acf9e elementor-widget elementor-widget-elementskit-blog-posts\" data-id=\"259acf9e\" data-element_type=\"widget\" data-e-type=\"widget\" data-widget_type=\"elementskit-blog-posts.default\">\n\t\t\t\t<div class=\"elementor-widget-container\">\n\t\t\t\t\t<div class=\"ekit-wid-con\" >        <div id=\"post-items--259acf9e\" class=\"row post-items\">\n                    <div class=\"col-lg-12 col-md-12\">\n\n                                    <div class=\"elementskit-post-image-card\">\n                        <div class=\"elementskit-entry-header\">\n                            \n                            \n\t\t\t\t\t\t\t\t\t\t\t\t\t<\/div><!-- .elementskit-entry-header END -->\n\n\t\t\t\t\t\t<div class=\"elementskit-post-body \">\n\t\t\t\t\t\t\t\n\t\t\t\t\t\t\t\t\t\t\t\t\t\t\t\t\t\t\t\t\t\t\t\t\t\t\t\t\t\t\n\t\t\t\t\t\t\t\t\n\t\t\t\t\t\t\t\t\t\t\t\t\t\t\t\t\t\t\t\t\t<h2 class=\"entry-title\">\n\t\t\t\t\t<a href=\"https:\/\/www.fw-pfaffenhofen-glonn.de\/index.php\/2026\/04\/27\/wir-feiern-die-kinderflamme-und-ein-jahr-kinderfeuerwehr\/\">\n\t\t\t\t\t\tWir feiern die Kinderflamme und&hellip;\t\t\t\t\t<\/a>\n\t\t\t\t<\/h2>\n\t\t\t\t\t\t\t\t\t\t\t\t\t\t\t\t\t\t\t\t\t\t\t\t\t\t\t\t\t\t\t\t                                                            <div class=\"btn-wraper\">\n                                                                            <a class=\"elementskit-btn whitespace--normal\" id=\"\" href=\"https:\/\/www.fw-pfaffenhofen-glonn.de\/index.php\/2026\/04\/27\/wir-feiern-die-kinderflamme-und-ein-jahr-kinderfeuerwehr\/\">\n                                            Weiterlesen                                            <i aria-hidden=\"true\" class=\"fas fa-angle-right\"><\/i>                                        <\/a>\n                                    \n                                                                    <\/div>\n                                                    <\/div><!-- .elementskit-post-body END -->\n                    <\/div>\n                \n            <\/div>\n                    <div class=\"col-lg-12 col-md-12\">\n\n                                    <div class=\"elementskit-post-image-card\">\n                        <div class=\"elementskit-entry-header\">\n                            \n                            \n\t\t\t\t\t\t\t\t\t\t\t\t\t<\/div><!-- .elementskit-entry-header END -->\n\n\t\t\t\t\t\t<div class=\"elementskit-post-body \">\n\t\t\t\t\t\t\t\n\t\t\t\t\t\t\t\t\t\t\t\t\t\t\t\t\t\t\t\t\t\t\t\t\t\t\t\t\t\t\n\t\t\t\t\t\t\t\t\n\t\t\t\t\t\t\t\t\t\t\t\t\t\t\t\t\t\t\t\t\t<h2 class=\"entry-title\">\n\t\t\t\t\t<a href=\"https:\/\/www.fw-pfaffenhofen-glonn.de\/index.php\/2026\/04\/22\/e\/\">\n\t\t\t\t\t\tEine neue Truppfrau und 6&hellip;\t\t\t\t\t<\/a>\n\t\t\t\t<\/h2>\n\t\t\t\t\t\t\t\t\t\t\t\t\t\t\t\t\t\t\t\t\t\t\t\t\t\t\t\t\t\t\t\t                                                            <div class=\"btn-wraper\">\n                                                                            <a class=\"elementskit-btn whitespace--normal\" id=\"\" href=\"https:\/\/www.fw-pfaffenhofen-glonn.de\/index.php\/2026\/04\/22\/e\/\">\n                                            Weiterlesen                                            <i aria-hidden=\"true\" class=\"fas fa-angle-right\"><\/i>                                        <\/a>\n                                    \n                                                                    <\/div>\n                                                    <\/div><!-- .elementskit-post-body END -->\n                    <\/div>\n                \n            <\/div>\n                    <div class=\"col-lg-12 col-md-12\">\n\n                                    <div class=\"elementskit-post-image-card\">\n                        <div class=\"elementskit-entry-header\">\n                            \n                            \n\t\t\t\t\t\t\t\t\t\t\t\t\t<\/div><!-- .elementskit-entry-header END -->\n\n\t\t\t\t\t\t<div class=\"elementskit-post-body \">\n\t\t\t\t\t\t\t\n\t\t\t\t\t\t\t\t\t\t\t\t\t\t\t\t\t\t\t\t\t\t\t\t\t\t\t\t\t\t\n\t\t\t\t\t\t\t\t\n\t\t\t\t\t\t\t\t\t\t\t\t\t\t\t\t\t\t\t\t\t<h2 class=\"entry-title\">\n\t\t\t\t\t<a href=\"https:\/\/www.fw-pfaffenhofen-glonn.de\/index.php\/2026\/04\/15\/fr\/\">\n\t\t\t\t\t\tFr\u00fchjahrs\u00fcbung\t\t\t\t\t<\/a>\n\t\t\t\t<\/h2>\n\t\t\t\t\t\t\t\t\t\t\t\t\t\t\t\t\t\t\t\t\t\t\t\t\t\t\t\t\t\t\t\t                                                            <div class=\"btn-wraper\">\n                                                                            <a class=\"elementskit-btn whitespace--normal\" id=\"\" href=\"https:\/\/www.fw-pfaffenhofen-glonn.de\/index.php\/2026\/04\/15\/fr\/\">\n                                            Weiterlesen                                            <i aria-hidden=\"true\" class=\"fas fa-angle-right\"><\/i>                                        <\/a>\n                                    \n                                                                    <\/div>\n                                                    <\/div><!-- .elementskit-post-body END -->\n                    <\/div>\n                \n            <\/div>\n                    <div class=\"col-lg-12 col-md-12\">\n\n                                    <div class=\"elementskit-post-image-card\">\n                        <div class=\"elementskit-entry-header\">\n                            \n                            \n\t\t\t\t\t\t\t\t\t\t\t\t\t<\/div><!-- .elementskit-entry-header END -->\n\n\t\t\t\t\t\t<div class=\"elementskit-post-body \">\n\t\t\t\t\t\t\t\n\t\t\t\t\t\t\t\t\t\t\t\t\t\t\t\t\t\t\t\t\t\t\t\t\t\t\t\t\t\t\n\t\t\t\t\t\t\t\t\n\t\t\t\t\t\t\t\t\t\t\t\t\t\t\t\t\t\t\t\t\t<h2 class=\"entry-title\">\n\t\t\t\t\t<a href=\"https:\/\/www.fw-pfaffenhofen-glonn.de\/index.php\/2026\/02\/07\/helferfest-31-januar\/\">\n\t\t\t\t\t\tHelferfest (31. Januar)\t\t\t\t\t<\/a>\n\t\t\t\t<\/h2>\n\t\t\t\t\t\t\t\t\t\t\t\t\t\t\t\t\t\t\t\t\t\t\t\t\t\t\t\t\t\t\t\t                                                            <div class=\"btn-wraper\">\n                                                                            <a class=\"elementskit-btn whitespace--normal\" id=\"\" href=\"https:\/\/www.fw-pfaffenhofen-glonn.de\/index.php\/2026\/02\/07\/helferfest-31-januar\/\">\n                                            Weiterlesen                                            <i aria-hidden=\"true\" class=\"fas fa-angle-right\"><\/i>                                        <\/a>\n                                    \n                                                                    <\/div>\n                                                    <\/div><!-- .elementskit-post-body END -->\n                    <\/div>\n                \n            <\/div>\n                <\/div>\n       <\/div>\t\t\t\t<\/div>\n\t\t\t\t<\/div>\n\t\t\t\t<div class=\"elementor-element elementor-element-1abb72a4 elementor-align-center elementor-widget elementor-widget-button\" data-id=\"1abb72a4\" data-element_type=\"widget\" data-e-type=\"widget\" data-widget_type=\"button.default\">\n\t\t\t\t<div class=\"elementor-widget-container\">\n\t\t\t\t\t\t\t\t\t<div class=\"elementor-button-wrapper\">\n\t\t\t\t\t<a class=\"elementor-button elementor-button-link elementor-size-md elementor-animation-grow\" href=\"https:\/\/www.fw-pfaffenhofen-glonn.de\/index.php\/aktuelles\/\">\n\t\t\t\t\t\t<span class=\"elementor-button-content-wrapper\">\n\t\t\t\t\t\t\t\t\t<span class=\"elementor-button-text\">Alle Beitr\u00e4ge<\/span>\n\t\t\t\t\t<\/span>\n\t\t\t\t\t<\/a>\n\t\t\t\t<\/div>\n\t\t\t\t\t\t\t\t<\/div>\n\t\t\t\t<\/div>\n\t\t\t\t\t<\/div>\n\t\t<\/div>\n\t\t\t\t\t<\/div>\n\t\t<\/section>\n\t\t\t\t<\/div>\n\t\t","protected":false},"excerpt":{"rendered":"<p>Wer liegt denn da In der September-\u00dcbung stellten wir uns der Herausforderung,\u00a0Verkehrsunfall mit einem PKW in Seitenlage Die ersten Ma\u00dfnahmen, Absichern der Einsatzstelle, Brandschutz und Stabilisieren mit Schlauchbr\u00fccken wurden z\u00fcgig durchgef\u00fchrt, danach konnte der sogenannte \u201eInnere Retter\u201c \u00fcber den Kofferraum in das\u00a0 Fahrzeug zur Verletzen Person, die durch eine \u00dcbungspuppe dargestellt wurde. Zur weiteren Stabilisierung [&hellip;]<\/p>\n","protected":false},"author":3,"featured_media":0,"comment_status":"closed","ping_status":"open","sticky":false,"template":"","format":"standard","meta":{"iawp_total_views":18,"footnotes":""},"categories":[1],"tags":[],"class_list":["post-2440","post","type-post","status-publish","format-standard","hentry","category-uncategorized"],"yoast_head":"<!-- This site is optimized with the Yoast SEO plugin v27.5 - https:\/\/yoast.com\/product\/yoast-seo-wordpress\/ -->\n<title>Wer liegt denn da - Freiwillige Feuerwehr Pfaffenhofen a. d. Glonn e.V.<\/title>\n<meta name=\"robots\" content=\"index, follow, max-snippet:-1, max-image-preview:large, max-video-preview:-1\" \/>\n<link rel=\"canonical\" href=\"https:\/\/www.fw-pfaffenhofen-glonn.de\/index.php\/2024\/10\/03\/wer-liegt-denn-da\/\" \/>\n<meta property=\"og:locale\" content=\"de_DE\" \/>\n<meta property=\"og:type\" content=\"article\" \/>\n<meta property=\"og:title\" content=\"Wer liegt denn da - Freiwillige Feuerwehr Pfaffenhofen a. d. Glonn e.V.\" \/>\n<meta property=\"og:description\" content=\"Wer liegt denn da In der September-\u00dcbung stellten wir uns der Herausforderung,\u00a0Verkehrsunfall mit einem PKW in Seitenlage Die ersten Ma\u00dfnahmen, Absichern der Einsatzstelle, Brandschutz und Stabilisieren mit Schlauchbr\u00fccken wurden z\u00fcgig durchgef\u00fchrt, danach konnte der sogenannte \u201eInnere Retter\u201c \u00fcber den Kofferraum in das\u00a0 Fahrzeug zur Verletzen Person, die durch eine \u00dcbungspuppe dargestellt wurde. Zur weiteren Stabilisierung [&hellip;]\" \/>\n<meta property=\"og:url\" content=\"https:\/\/www.fw-pfaffenhofen-glonn.de\/index.php\/2024\/10\/03\/wer-liegt-denn-da\/\" \/>\n<meta property=\"og:site_name\" content=\"Freiwillige Feuerwehr Pfaffenhofen a. d. Glonn e.V.\" \/>\n<meta property=\"article:published_time\" content=\"2024-10-03T19:23:09+00:00\" \/>\n<meta property=\"article:modified_time\" content=\"2024-11-16T20:32:41+00:00\" \/>\n<meta property=\"og:image\" content=\"https:\/\/www.fw-pfaffenhofen-glonn.de\/wp-content\/uploads\/2024\/11\/Seitenlage-1.jpg\" \/>\n<meta name=\"author\" content=\"Rene Knopp\" \/>\n<meta name=\"twitter:card\" content=\"summary_large_image\" \/>\n<meta name=\"twitter:label1\" content=\"Verfasst von\" \/>\n\t<meta name=\"twitter:data1\" content=\"Rene Knopp\" \/>\n\t<meta name=\"twitter:label2\" content=\"Gesch\u00e4tzte Lesezeit\" \/>\n\t<meta name=\"twitter:data2\" content=\"2\u00a0Minuten\" \/>\n<script type=\"application\/ld+json\" class=\"yoast-schema-graph\">{\"@context\":\"https:\\\/\\\/schema.org\",\"@graph\":[{\"@type\":\"Article\",\"@id\":\"https:\\\/\\\/www.fw-pfaffenhofen-glonn.de\\\/index.php\\\/2024\\\/10\\\/03\\\/wer-liegt-denn-da\\\/#article\",\"isPartOf\":{\"@id\":\"https:\\\/\\\/www.fw-pfaffenhofen-glonn.de\\\/index.php\\\/2024\\\/10\\\/03\\\/wer-liegt-denn-da\\\/\"},\"author\":{\"name\":\"Rene Knopp\",\"@id\":\"https:\\\/\\\/www.fw-pfaffenhofen-glonn.de\\\/#\\\/schema\\\/person\\\/ec82cc592093d991c604a4c2e29040de\"},\"headline\":\"Wer liegt denn da\",\"datePublished\":\"2024-10-03T19:23:09+00:00\",\"dateModified\":\"2024-11-16T20:32:41+00:00\",\"mainEntityOfPage\":{\"@id\":\"https:\\\/\\\/www.fw-pfaffenhofen-glonn.de\\\/index.php\\\/2024\\\/10\\\/03\\\/wer-liegt-denn-da\\\/\"},\"wordCount\":130,\"publisher\":{\"@id\":\"https:\\\/\\\/www.fw-pfaffenhofen-glonn.de\\\/#organization\"},\"image\":{\"@id\":\"https:\\\/\\\/www.fw-pfaffenhofen-glonn.de\\\/index.php\\\/2024\\\/10\\\/03\\\/wer-liegt-denn-da\\\/#primaryimage\"},\"thumbnailUrl\":\"https:\\\/\\\/www.fw-pfaffenhofen-glonn.de\\\/wp-content\\\/uploads\\\/2024\\\/11\\\/Seitenlage-1.jpg\",\"articleSection\":[\"Uncategorized\"],\"inLanguage\":\"de\"},{\"@type\":\"WebPage\",\"@id\":\"https:\\\/\\\/www.fw-pfaffenhofen-glonn.de\\\/index.php\\\/2024\\\/10\\\/03\\\/wer-liegt-denn-da\\\/\",\"url\":\"https:\\\/\\\/www.fw-pfaffenhofen-glonn.de\\\/index.php\\\/2024\\\/10\\\/03\\\/wer-liegt-denn-da\\\/\",\"name\":\"Wer liegt denn da - Freiwillige Feuerwehr Pfaffenhofen a. d. Glonn e.V.\",\"isPartOf\":{\"@id\":\"https:\\\/\\\/www.fw-pfaffenhofen-glonn.de\\\/#website\"},\"primaryImageOfPage\":{\"@id\":\"https:\\\/\\\/www.fw-pfaffenhofen-glonn.de\\\/index.php\\\/2024\\\/10\\\/03\\\/wer-liegt-denn-da\\\/#primaryimage\"},\"image\":{\"@id\":\"https:\\\/\\\/www.fw-pfaffenhofen-glonn.de\\\/index.php\\\/2024\\\/10\\\/03\\\/wer-liegt-denn-da\\\/#primaryimage\"},\"thumbnailUrl\":\"https:\\\/\\\/www.fw-pfaffenhofen-glonn.de\\\/wp-content\\\/uploads\\\/2024\\\/11\\\/Seitenlage-1.jpg\",\"datePublished\":\"2024-10-03T19:23:09+00:00\",\"dateModified\":\"2024-11-16T20:32:41+00:00\",\"breadcrumb\":{\"@id\":\"https:\\\/\\\/www.fw-pfaffenhofen-glonn.de\\\/index.php\\\/2024\\\/10\\\/03\\\/wer-liegt-denn-da\\\/#breadcrumb\"},\"inLanguage\":\"de\",\"potentialAction\":[{\"@type\":\"ReadAction\",\"target\":[\"https:\\\/\\\/www.fw-pfaffenhofen-glonn.de\\\/index.php\\\/2024\\\/10\\\/03\\\/wer-liegt-denn-da\\\/\"]}]},{\"@type\":\"ImageObject\",\"inLanguage\":\"de\",\"@id\":\"https:\\\/\\\/www.fw-pfaffenhofen-glonn.de\\\/index.php\\\/2024\\\/10\\\/03\\\/wer-liegt-denn-da\\\/#primaryimage\",\"url\":\"https:\\\/\\\/www.fw-pfaffenhofen-glonn.de\\\/wp-content\\\/uploads\\\/2024\\\/11\\\/Seitenlage-1.jpg\",\"contentUrl\":\"https:\\\/\\\/www.fw-pfaffenhofen-glonn.de\\\/wp-content\\\/uploads\\\/2024\\\/11\\\/Seitenlage-1.jpg\",\"width\":330,\"height\":201},{\"@type\":\"BreadcrumbList\",\"@id\":\"https:\\\/\\\/www.fw-pfaffenhofen-glonn.de\\\/index.php\\\/2024\\\/10\\\/03\\\/wer-liegt-denn-da\\\/#breadcrumb\",\"itemListElement\":[{\"@type\":\"ListItem\",\"position\":1,\"name\":\"Startseite\",\"item\":\"https:\\\/\\\/www.fw-pfaffenhofen-glonn.de\\\/\"},{\"@type\":\"ListItem\",\"position\":2,\"name\":\"Wer liegt denn da\"}]},{\"@type\":\"WebSite\",\"@id\":\"https:\\\/\\\/www.fw-pfaffenhofen-glonn.de\\\/#website\",\"url\":\"https:\\\/\\\/www.fw-pfaffenhofen-glonn.de\\\/\",\"name\":\"Freiwillige Feuerwehr Pfaffenhofen a. d. Glonn e.V.\",\"description\":\"\",\"publisher\":{\"@id\":\"https:\\\/\\\/www.fw-pfaffenhofen-glonn.de\\\/#organization\"},\"potentialAction\":[{\"@type\":\"SearchAction\",\"target\":{\"@type\":\"EntryPoint\",\"urlTemplate\":\"https:\\\/\\\/www.fw-pfaffenhofen-glonn.de\\\/?s={search_term_string}\"},\"query-input\":{\"@type\":\"PropertyValueSpecification\",\"valueRequired\":true,\"valueName\":\"search_term_string\"}}],\"inLanguage\":\"de\"},{\"@type\":\"Organization\",\"@id\":\"https:\\\/\\\/www.fw-pfaffenhofen-glonn.de\\\/#organization\",\"name\":\"Freiwillige Feuerwehr Pfaffenhofen a. d. Glonn e.V.\",\"url\":\"https:\\\/\\\/www.fw-pfaffenhofen-glonn.de\\\/\",\"logo\":{\"@type\":\"ImageObject\",\"inLanguage\":\"de\",\"@id\":\"https:\\\/\\\/www.fw-pfaffenhofen-glonn.de\\\/#\\\/schema\\\/logo\\\/image\\\/\",\"url\":\"https:\\\/\\\/www.fw-pfaffenhofen-glonn.de\\\/wp-content\\\/uploads\\\/2023\\\/06\\\/Feuerwehr-Pfaffenhofen-Logo-invertiert-header-2.png\",\"contentUrl\":\"https:\\\/\\\/www.fw-pfaffenhofen-glonn.de\\\/wp-content\\\/uploads\\\/2023\\\/06\\\/Feuerwehr-Pfaffenhofen-Logo-invertiert-header-2.png\",\"width\":1077,\"height\":500,\"caption\":\"Freiwillige Feuerwehr Pfaffenhofen a. d. Glonn e.V.\"},\"image\":{\"@id\":\"https:\\\/\\\/www.fw-pfaffenhofen-glonn.de\\\/#\\\/schema\\\/logo\\\/image\\\/\"}},{\"@type\":\"Person\",\"@id\":\"https:\\\/\\\/www.fw-pfaffenhofen-glonn.de\\\/#\\\/schema\\\/person\\\/ec82cc592093d991c604a4c2e29040de\",\"name\":\"Rene Knopp\",\"image\":{\"@type\":\"ImageObject\",\"inLanguage\":\"de\",\"@id\":\"https:\\\/\\\/secure.gravatar.com\\\/avatar\\\/183c759e5d681a4504c09b43d7455e9bc3aeda293d8d2474630df4120940822a?s=96&d=mm&r=g\",\"url\":\"https:\\\/\\\/secure.gravatar.com\\\/avatar\\\/183c759e5d681a4504c09b43d7455e9bc3aeda293d8d2474630df4120940822a?s=96&d=mm&r=g\",\"contentUrl\":\"https:\\\/\\\/secure.gravatar.com\\\/avatar\\\/183c759e5d681a4504c09b43d7455e9bc3aeda293d8d2474630df4120940822a?s=96&d=mm&r=g\",\"caption\":\"Rene Knopp\"}}]}<\/script>\n<!-- \/ Yoast SEO plugin. -->","yoast_head_json":{"title":"Wer liegt denn da - Freiwillige Feuerwehr Pfaffenhofen a. d. Glonn e.V.","robots":{"index":"index","follow":"follow","max-snippet":"max-snippet:-1","max-image-preview":"max-image-preview:large","max-video-preview":"max-video-preview:-1"},"canonical":"https:\/\/www.fw-pfaffenhofen-glonn.de\/index.php\/2024\/10\/03\/wer-liegt-denn-da\/","og_locale":"de_DE","og_type":"article","og_title":"Wer liegt denn da - Freiwillige Feuerwehr Pfaffenhofen a. d. Glonn e.V.","og_description":"Wer liegt denn da In der September-\u00dcbung stellten wir uns der Herausforderung,\u00a0Verkehrsunfall mit einem PKW in Seitenlage Die ersten Ma\u00dfnahmen, Absichern der Einsatzstelle, Brandschutz und Stabilisieren mit Schlauchbr\u00fccken wurden z\u00fcgig durchgef\u00fchrt, danach konnte der sogenannte \u201eInnere Retter\u201c \u00fcber den Kofferraum in das\u00a0 Fahrzeug zur Verletzen Person, die durch eine \u00dcbungspuppe dargestellt wurde. Zur weiteren Stabilisierung [&hellip;]","og_url":"https:\/\/www.fw-pfaffenhofen-glonn.de\/index.php\/2024\/10\/03\/wer-liegt-denn-da\/","og_site_name":"Freiwillige Feuerwehr Pfaffenhofen a. d. Glonn e.V.","article_published_time":"2024-10-03T19:23:09+00:00","article_modified_time":"2024-11-16T20:32:41+00:00","og_image":[{"url":"https:\/\/www.fw-pfaffenhofen-glonn.de\/wp-content\/uploads\/2024\/11\/Seitenlage-1.jpg","type":"","width":"","height":""}],"author":"Rene Knopp","twitter_card":"summary_large_image","twitter_misc":{"Verfasst von":"Rene Knopp","Gesch\u00e4tzte Lesezeit":"2\u00a0Minuten"},"schema":{"@context":"https:\/\/schema.org","@graph":[{"@type":"Article","@id":"https:\/\/www.fw-pfaffenhofen-glonn.de\/index.php\/2024\/10\/03\/wer-liegt-denn-da\/#article","isPartOf":{"@id":"https:\/\/www.fw-pfaffenhofen-glonn.de\/index.php\/2024\/10\/03\/wer-liegt-denn-da\/"},"author":{"name":"Rene Knopp","@id":"https:\/\/www.fw-pfaffenhofen-glonn.de\/#\/schema\/person\/ec82cc592093d991c604a4c2e29040de"},"headline":"Wer liegt denn da","datePublished":"2024-10-03T19:23:09+00:00","dateModified":"2024-11-16T20:32:41+00:00","mainEntityOfPage":{"@id":"https:\/\/www.fw-pfaffenhofen-glonn.de\/index.php\/2024\/10\/03\/wer-liegt-denn-da\/"},"wordCount":130,"publisher":{"@id":"https:\/\/www.fw-pfaffenhofen-glonn.de\/#organization"},"image":{"@id":"https:\/\/www.fw-pfaffenhofen-glonn.de\/index.php\/2024\/10\/03\/wer-liegt-denn-da\/#primaryimage"},"thumbnailUrl":"https:\/\/www.fw-pfaffenhofen-glonn.de\/wp-content\/uploads\/2024\/11\/Seitenlage-1.jpg","articleSection":["Uncategorized"],"inLanguage":"de"},{"@type":"WebPage","@id":"https:\/\/www.fw-pfaffenhofen-glonn.de\/index.php\/2024\/10\/03\/wer-liegt-denn-da\/","url":"https:\/\/www.fw-pfaffenhofen-glonn.de\/index.php\/2024\/10\/03\/wer-liegt-denn-da\/","name":"Wer liegt denn da - Freiwillige Feuerwehr Pfaffenhofen a. d. Glonn e.V.","isPartOf":{"@id":"https:\/\/www.fw-pfaffenhofen-glonn.de\/#website"},"primaryImageOfPage":{"@id":"https:\/\/www.fw-pfaffenhofen-glonn.de\/index.php\/2024\/10\/03\/wer-liegt-denn-da\/#primaryimage"},"image":{"@id":"https:\/\/www.fw-pfaffenhofen-glonn.de\/index.php\/2024\/10\/03\/wer-liegt-denn-da\/#primaryimage"},"thumbnailUrl":"https:\/\/www.fw-pfaffenhofen-glonn.de\/wp-content\/uploads\/2024\/11\/Seitenlage-1.jpg","datePublished":"2024-10-03T19:23:09+00:00","dateModified":"2024-11-16T20:32:41+00:00","breadcrumb":{"@id":"https:\/\/www.fw-pfaffenhofen-glonn.de\/index.php\/2024\/10\/03\/wer-liegt-denn-da\/#breadcrumb"},"inLanguage":"de","potentialAction":[{"@type":"ReadAction","target":["https:\/\/www.fw-pfaffenhofen-glonn.de\/index.php\/2024\/10\/03\/wer-liegt-denn-da\/"]}]},{"@type":"ImageObject","inLanguage":"de","@id":"https:\/\/www.fw-pfaffenhofen-glonn.de\/index.php\/2024\/10\/03\/wer-liegt-denn-da\/#primaryimage","url":"https:\/\/www.fw-pfaffenhofen-glonn.de\/wp-content\/uploads\/2024\/11\/Seitenlage-1.jpg","contentUrl":"https:\/\/www.fw-pfaffenhofen-glonn.de\/wp-content\/uploads\/2024\/11\/Seitenlage-1.jpg","width":330,"height":201},{"@type":"BreadcrumbList","@id":"https:\/\/www.fw-pfaffenhofen-glonn.de\/index.php\/2024\/10\/03\/wer-liegt-denn-da\/#breadcrumb","itemListElement":[{"@type":"ListItem","position":1,"name":"Startseite","item":"https:\/\/www.fw-pfaffenhofen-glonn.de\/"},{"@type":"ListItem","position":2,"name":"Wer liegt denn da"}]},{"@type":"WebSite","@id":"https:\/\/www.fw-pfaffenhofen-glonn.de\/#website","url":"https:\/\/www.fw-pfaffenhofen-glonn.de\/","name":"Freiwillige Feuerwehr Pfaffenhofen a. d. Glonn e.V.","description":"","publisher":{"@id":"https:\/\/www.fw-pfaffenhofen-glonn.de\/#organization"},"potentialAction":[{"@type":"SearchAction","target":{"@type":"EntryPoint","urlTemplate":"https:\/\/www.fw-pfaffenhofen-glonn.de\/?s={search_term_string}"},"query-input":{"@type":"PropertyValueSpecification","valueRequired":true,"valueName":"search_term_string"}}],"inLanguage":"de"},{"@type":"Organization","@id":"https:\/\/www.fw-pfaffenhofen-glonn.de\/#organization","name":"Freiwillige Feuerwehr Pfaffenhofen a. d. Glonn e.V.","url":"https:\/\/www.fw-pfaffenhofen-glonn.de\/","logo":{"@type":"ImageObject","inLanguage":"de","@id":"https:\/\/www.fw-pfaffenhofen-glonn.de\/#\/schema\/logo\/image\/","url":"https:\/\/www.fw-pfaffenhofen-glonn.de\/wp-content\/uploads\/2023\/06\/Feuerwehr-Pfaffenhofen-Logo-invertiert-header-2.png","contentUrl":"https:\/\/www.fw-pfaffenhofen-glonn.de\/wp-content\/uploads\/2023\/06\/Feuerwehr-Pfaffenhofen-Logo-invertiert-header-2.png","width":1077,"height":500,"caption":"Freiwillige Feuerwehr Pfaffenhofen a. d. Glonn e.V."},"image":{"@id":"https:\/\/www.fw-pfaffenhofen-glonn.de\/#\/schema\/logo\/image\/"}},{"@type":"Person","@id":"https:\/\/www.fw-pfaffenhofen-glonn.de\/#\/schema\/person\/ec82cc592093d991c604a4c2e29040de","name":"Rene Knopp","image":{"@type":"ImageObject","inLanguage":"de","@id":"https:\/\/secure.gravatar.com\/avatar\/183c759e5d681a4504c09b43d7455e9bc3aeda293d8d2474630df4120940822a?s=96&d=mm&r=g","url":"https:\/\/secure.gravatar.com\/avatar\/183c759e5d681a4504c09b43d7455e9bc3aeda293d8d2474630df4120940822a?s=96&d=mm&r=g","contentUrl":"https:\/\/secure.gravatar.com\/avatar\/183c759e5d681a4504c09b43d7455e9bc3aeda293d8d2474630df4120940822a?s=96&d=mm&r=g","caption":"Rene Knopp"}}]}},"_links":{"self":[{"href":"https:\/\/www.fw-pfaffenhofen-glonn.de\/index.php\/wp-json\/wp\/v2\/posts\/2440","targetHints":{"allow":["GET"]}}],"collection":[{"href":"https:\/\/www.fw-pfaffenhofen-glonn.de\/index.php\/wp-json\/wp\/v2\/posts"}],"about":[{"href":"https:\/\/www.fw-pfaffenhofen-glonn.de\/index.php\/wp-json\/wp\/v2\/types\/post"}],"author":[{"embeddable":true,"href":"https:\/\/www.fw-pfaffenhofen-glonn.de\/index.php\/wp-json\/wp\/v2\/users\/3"}],"replies":[{"embeddable":true,"href":"https:\/\/www.fw-pfaffenhofen-glonn.de\/index.php\/wp-json\/wp\/v2\/comments?post=2440"}],"version-history":[{"count":7,"href":"https:\/\/www.fw-pfaffenhofen-glonn.de\/index.php\/wp-json\/wp\/v2\/posts\/2440\/revisions"}],"predecessor-version":[{"id":2451,"href":"https:\/\/www.fw-pfaffenhofen-glonn.de\/index.php\/wp-json\/wp\/v2\/posts\/2440\/revisions\/2451"}],"wp:attachment":[{"href":"https:\/\/www.fw-pfaffenhofen-glonn.de\/index.php\/wp-json\/wp\/v2\/media?parent=2440"}],"wp:term":[{"taxonomy":"category","embeddable":true,"href":"https:\/\/www.fw-pfaffenhofen-glonn.de\/index.php\/wp-json\/wp\/v2\/categories?post=2440"},{"taxonomy":"post_tag","embeddable":true,"href":"https:\/\/www.fw-pfaffenhofen-glonn.de\/index.php\/wp-json\/wp\/v2\/tags?post=2440"}],"curies":[{"name":"wp","href":"https:\/\/api.w.org\/{rel}","templated":true}]}}