{"id":2452,"date":"2024-10-02T21:28:30","date_gmt":"2024-10-02T19:28:30","guid":{"rendered":"https:\/\/www.fw-pfaffenhofen-glonn.de\/?p=2452"},"modified":"2024-11-16T21:32:21","modified_gmt":"2024-11-16T20:32:21","slug":"mehrzweckzug","status":"publish","type":"post","link":"https:\/\/www.fw-pfaffenhofen-glonn.de\/index.php\/2024\/10\/02\/mehrzweckzug\/","title":{"rendered":"Mehrzweckzug"},"content":{"rendered":"\t\t<div data-elementor-type=\"wp-post\" data-elementor-id=\"2452\" class=\"elementor elementor-2452\">\n\t\t\t\t\t\t<section class=\"elementor-section elementor-top-section elementor-element elementor-element-4dee64d elementor-section-boxed elementor-section-height-default elementor-section-height-default\" data-id=\"4dee64d\" data-element_type=\"section\" data-e-type=\"section\" data-settings=\"{&quot;background_background&quot;:&quot;classic&quot;}\">\n\t\t\t\t\t\t<div class=\"elementor-container elementor-column-gap-default\">\n\t\t\t\t\t<div class=\"elementor-column elementor-col-50 elementor-top-column elementor-element elementor-element-767653dc\" data-id=\"767653dc\" data-element_type=\"column\" data-e-type=\"column\">\n\t\t\t<div class=\"elementor-widget-wrap elementor-element-populated\">\n\t\t\t\t\t\t<div class=\"elementor-element elementor-element-10d04dd9 elementor-widget elementor-widget-heading\" data-id=\"10d04dd9\" data-element_type=\"widget\" data-e-type=\"widget\" data-widget_type=\"heading.default\">\n\t\t\t\t<div class=\"elementor-widget-container\">\n\t\t\t\t\t<h1 class=\"elementor-heading-title elementor-size-default\">Mehrzweckzug<\/h1>\t\t\t\t<\/div>\n\t\t\t\t<\/div>\n\t\t\t\t<section class=\"elementor-section elementor-inner-section elementor-element elementor-element-7ba7b5a0 elementor-section-boxed elementor-section-height-default elementor-section-height-default\" data-id=\"7ba7b5a0\" data-element_type=\"section\" data-e-type=\"section\">\n\t\t\t\t\t\t<div class=\"elementor-container elementor-column-gap-default\">\n\t\t\t\t\t<div class=\"elementor-column elementor-col-50 elementor-inner-column elementor-element elementor-element-69a3ee61\" data-id=\"69a3ee61\" data-element_type=\"column\" data-e-type=\"column\">\n\t\t\t<div class=\"elementor-widget-wrap elementor-element-populated\">\n\t\t\t\t\t\t<div class=\"elementor-element elementor-element-603ba920 elementor-widget elementor-widget-image\" data-id=\"603ba920\" data-element_type=\"widget\" data-e-type=\"widget\" data-widget_type=\"image.default\">\n\t\t\t\t<div class=\"elementor-widget-container\">\n\t\t\t\t\t\t\t\t\t\t\t\t\t\t\t<img fetchpriority=\"high\" decoding=\"async\" width=\"265\" height=\"199\" src=\"https:\/\/www.fw-pfaffenhofen-glonn.de\/wp-content\/uploads\/2024\/11\/MZ16-1.jpg\" class=\"attachment-large size-large wp-image-2454\" alt=\"\" \/>\t\t\t\t\t\t\t\t\t\t\t\t\t\t\t<\/div>\n\t\t\t\t<\/div>\n\t\t\t\t<div class=\"elementor-element elementor-element-44540465 elementor-widget elementor-widget-image\" data-id=\"44540465\" data-element_type=\"widget\" data-e-type=\"widget\" data-widget_type=\"image.default\">\n\t\t\t\t<div class=\"elementor-widget-container\">\n\t\t\t\t\t\t\t\t\t\t\t\t\t\t\t<img decoding=\"async\" width=\"201\" height=\"199\" src=\"https:\/\/www.fw-pfaffenhofen-glonn.de\/wp-content\/uploads\/2024\/11\/MZ16-2.jpg\" class=\"attachment-large size-large wp-image-2455\" alt=\"\" srcset=\"https:\/\/www.fw-pfaffenhofen-glonn.de\/wp-content\/uploads\/2024\/11\/MZ16-2.jpg 201w, https:\/\/www.fw-pfaffenhofen-glonn.de\/wp-content\/uploads\/2024\/11\/MZ16-2-150x150.jpg 150w\" sizes=\"(max-width: 201px) 100vw, 201px\" \/>\t\t\t\t\t\t\t\t\t\t\t\t\t\t\t<\/div>\n\t\t\t\t<\/div>\n\t\t\t\t<div class=\"elementor-element elementor-element-700f55e3 elementor-widget elementor-widget-image\" data-id=\"700f55e3\" data-element_type=\"widget\" data-e-type=\"widget\" data-widget_type=\"image.default\">\n\t\t\t\t<div class=\"elementor-widget-container\">\n\t\t\t\t\t\t\t\t\t\t\t\t\t\t\t<img decoding=\"async\" width=\"213\" height=\"246\" src=\"https:\/\/www.fw-pfaffenhofen-glonn.de\/wp-content\/uploads\/2024\/11\/MZ16-3.jpg\" class=\"attachment-large size-large wp-image-2456\" alt=\"\" \/>\t\t\t\t\t\t\t\t\t\t\t\t\t\t\t<\/div>\n\t\t\t\t<\/div>\n\t\t\t\t<div class=\"elementor-element elementor-element-3ca8dadf elementor-widget elementor-widget-image\" data-id=\"3ca8dadf\" data-element_type=\"widget\" data-e-type=\"widget\" data-widget_type=\"image.default\">\n\t\t\t\t<div class=\"elementor-widget-container\">\n\t\t\t\t\t\t\t\t\t\t\t\t\t\t\t<img loading=\"lazy\" decoding=\"async\" width=\"271\" height=\"207\" src=\"https:\/\/www.fw-pfaffenhofen-glonn.de\/wp-content\/uploads\/2024\/11\/MZ16-4.jpg\" class=\"attachment-large size-large wp-image-2457\" alt=\"\" \/>\t\t\t\t\t\t\t\t\t\t\t\t\t\t\t<\/div>\n\t\t\t\t<\/div>\n\t\t\t\t<div class=\"elementor-element elementor-element-4446328 elementor-widget elementor-widget-image\" data-id=\"4446328\" data-element_type=\"widget\" data-e-type=\"widget\" data-widget_type=\"image.default\">\n\t\t\t\t<div class=\"elementor-widget-container\">\n\t\t\t\t\t\t\t\t\t\t\t\t\t\t\t<img loading=\"lazy\" decoding=\"async\" width=\"312\" height=\"244\" src=\"https:\/\/www.fw-pfaffenhofen-glonn.de\/wp-content\/uploads\/2024\/11\/MZ16-5.jpg\" class=\"attachment-large size-large wp-image-2458\" alt=\"\" srcset=\"https:\/\/www.fw-pfaffenhofen-glonn.de\/wp-content\/uploads\/2024\/11\/MZ16-5.jpg 312w, https:\/\/www.fw-pfaffenhofen-glonn.de\/wp-content\/uploads\/2024\/11\/MZ16-5-300x235.jpg 300w\" sizes=\"(max-width: 312px) 100vw, 312px\" \/>\t\t\t\t\t\t\t\t\t\t\t\t\t\t\t<\/div>\n\t\t\t\t<\/div>\n\t\t\t\t\t<\/div>\n\t\t<\/div>\n\t\t\t\t<div class=\"elementor-column elementor-col-50 elementor-inner-column elementor-element elementor-element-3f370d80\" data-id=\"3f370d80\" data-element_type=\"column\" data-e-type=\"column\">\n\t\t\t<div class=\"elementor-widget-wrap elementor-element-populated\">\n\t\t\t\t\t\t<div class=\"elementor-element elementor-element-421a1b4f elementor-widget elementor-widget-text-editor\" data-id=\"421a1b4f\" data-element_type=\"widget\" data-e-type=\"widget\" data-widget_type=\"text-editor.default\">\n\t\t\t\t<div class=\"elementor-widget-container\">\n\t\t\t\t\t\t\t\t\t<p style=\"font-weight: 400;\"><strong>Im Juli drehte sich die \u00dcbung um den Mehrzweckzug und die dazu ben\u00f6tigten Anschlagmittel, so werden die Ketten, Sch\u00e4kel und Bandschlingen genannt.<\/strong><\/p><p style=\"font-weight: 400;\"><strong>Der Mehrzweckzug MZ 16 ist ein handbet\u00e4tigte Zugeinrichtungen mit einer Nennzugkraft von 16 kN (entspricht 1,6 Tonnen), und dient zum Heben, Ziehen, Sichern und Absenken von Lasten.<\/strong><\/p><p style=\"font-weight: 400;\"><strong>Nachdem alle\u00b4s auf unserer blauen Bereitstellungsplane vorbereitet wurde konnten wir loslegen.<\/strong><\/p><p style=\"font-weight: 400;\"><strong>Als Festpunkt f\u00fcr den Mehrzweckzug, musste unser HLF 20 herhalten.<\/strong><\/p><p style=\"font-weight: 400;\"><strong>An unserem \u00dcbungs-PKW testeten wir einige Varianten aus, unter anderem auch mit einer sogenannten \u201elosen Rolle\u201c dadurch kann die Zugkraft von 16 kN auf 32 kN verdoppelt werden.<\/strong><\/p><p style=\"font-weight: 400;\"><strong>So dass war ein wenig zu weit!! <\/strong><\/p><p style=\"font-weight: 400;\"><strong>Aber PKW in Seitenlage \u00dcben wir das n\u00e4chste mal.<\/strong><\/p>\t\t\t\t\t\t\t\t<\/div>\n\t\t\t\t<\/div>\n\t\t\t\t\t<\/div>\n\t\t<\/div>\n\t\t\t\t\t<\/div>\n\t\t<\/section>\n\t\t\t\t\t<\/div>\n\t\t<\/div>\n\t\t\t\t<div class=\"elementor-column elementor-col-50 elementor-top-column elementor-element elementor-element-3fd56cc8\" data-id=\"3fd56cc8\" data-element_type=\"column\" data-e-type=\"column\">\n\t\t\t<div class=\"elementor-widget-wrap elementor-element-populated\">\n\t\t\t\t\t\t<div class=\"elementor-element elementor-element-79835b4 elementor-widget elementor-widget-heading\" data-id=\"79835b4\" data-element_type=\"widget\" data-e-type=\"widget\" data-widget_type=\"heading.default\">\n\t\t\t\t<div class=\"elementor-widget-container\">\n\t\t\t\t\t<h3 class=\"elementor-heading-title elementor-size-default\">Neueste Beitr\u00e4ge:<\/h3>\t\t\t\t<\/div>\n\t\t\t\t<\/div>\n\t\t\t\t<div class=\"elementor-element elementor-element-31b4773d elementor-widget elementor-widget-elementskit-blog-posts\" data-id=\"31b4773d\" data-element_type=\"widget\" data-e-type=\"widget\" data-widget_type=\"elementskit-blog-posts.default\">\n\t\t\t\t<div class=\"elementor-widget-container\">\n\t\t\t\t\t<div class=\"ekit-wid-con\" >        <div id=\"post-items--31b4773d\" class=\"row post-items\">\n                    <div class=\"col-lg-12 col-md-12\">\n\n                                    <div class=\"elementskit-post-image-card\">\n                        <div class=\"elementskit-entry-header\">\n                            \n                            \n\t\t\t\t\t\t\t\t\t\t\t\t\t<\/div><!-- .elementskit-entry-header END -->\n\n\t\t\t\t\t\t<div class=\"elementskit-post-body \">\n\t\t\t\t\t\t\t\n\t\t\t\t\t\t\t\t\t\t\t\t\t\t\t\t\t\t\t\t\t\t\t\t\t\t\t\t\t\t\n\t\t\t\t\t\t\t\t\n\t\t\t\t\t\t\t\t\t\t\t\t\t\t\t\t\t\t\t\t\t<h2 class=\"entry-title\">\n\t\t\t\t\t<a href=\"https:\/\/www.fw-pfaffenhofen-glonn.de\/index.php\/2026\/04\/27\/wir-feiern-die-kinderflamme-und-ein-jahr-kinderfeuerwehr\/\">\n\t\t\t\t\t\tWir feiern die Kinderflamme und&hellip;\t\t\t\t\t<\/a>\n\t\t\t\t<\/h2>\n\t\t\t\t\t\t\t\t\t\t\t\t\t\t\t\t\t\t\t\t\t\t\t\t\t\t\t\t\t\t\t\t                                                            <div class=\"btn-wraper\">\n                                                                            <a class=\"elementskit-btn whitespace--normal\" id=\"\" href=\"https:\/\/www.fw-pfaffenhofen-glonn.de\/index.php\/2026\/04\/27\/wir-feiern-die-kinderflamme-und-ein-jahr-kinderfeuerwehr\/\">\n                                            Weiterlesen                                            <i aria-hidden=\"true\" class=\"fas fa-angle-right\"><\/i>                                        <\/a>\n                                    \n                                                                    <\/div>\n                                                    <\/div><!-- .elementskit-post-body END -->\n                    <\/div>\n                \n            <\/div>\n                    <div class=\"col-lg-12 col-md-12\">\n\n                                    <div class=\"elementskit-post-image-card\">\n                        <div class=\"elementskit-entry-header\">\n                            \n                            \n\t\t\t\t\t\t\t\t\t\t\t\t\t<\/div><!-- .elementskit-entry-header END -->\n\n\t\t\t\t\t\t<div class=\"elementskit-post-body \">\n\t\t\t\t\t\t\t\n\t\t\t\t\t\t\t\t\t\t\t\t\t\t\t\t\t\t\t\t\t\t\t\t\t\t\t\t\t\t\n\t\t\t\t\t\t\t\t\n\t\t\t\t\t\t\t\t\t\t\t\t\t\t\t\t\t\t\t\t\t<h2 class=\"entry-title\">\n\t\t\t\t\t<a href=\"https:\/\/www.fw-pfaffenhofen-glonn.de\/index.php\/2026\/04\/22\/e\/\">\n\t\t\t\t\t\tEine neue Truppfrau und 6&hellip;\t\t\t\t\t<\/a>\n\t\t\t\t<\/h2>\n\t\t\t\t\t\t\t\t\t\t\t\t\t\t\t\t\t\t\t\t\t\t\t\t\t\t\t\t\t\t\t\t                                                            <div class=\"btn-wraper\">\n                                                                            <a class=\"elementskit-btn whitespace--normal\" id=\"\" href=\"https:\/\/www.fw-pfaffenhofen-glonn.de\/index.php\/2026\/04\/22\/e\/\">\n                                            Weiterlesen                                            <i aria-hidden=\"true\" class=\"fas fa-angle-right\"><\/i>                                        <\/a>\n                                    \n                                                                    <\/div>\n                                                    <\/div><!-- .elementskit-post-body END -->\n                    <\/div>\n                \n            <\/div>\n                    <div class=\"col-lg-12 col-md-12\">\n\n                                    <div class=\"elementskit-post-image-card\">\n                        <div class=\"elementskit-entry-header\">\n                            \n                            \n\t\t\t\t\t\t\t\t\t\t\t\t\t<\/div><!-- .elementskit-entry-header END -->\n\n\t\t\t\t\t\t<div class=\"elementskit-post-body \">\n\t\t\t\t\t\t\t\n\t\t\t\t\t\t\t\t\t\t\t\t\t\t\t\t\t\t\t\t\t\t\t\t\t\t\t\t\t\t\n\t\t\t\t\t\t\t\t\n\t\t\t\t\t\t\t\t\t\t\t\t\t\t\t\t\t\t\t\t\t<h2 class=\"entry-title\">\n\t\t\t\t\t<a href=\"https:\/\/www.fw-pfaffenhofen-glonn.de\/index.php\/2026\/04\/15\/fr\/\">\n\t\t\t\t\t\tFr\u00fchjahrs\u00fcbung\t\t\t\t\t<\/a>\n\t\t\t\t<\/h2>\n\t\t\t\t\t\t\t\t\t\t\t\t\t\t\t\t\t\t\t\t\t\t\t\t\t\t\t\t\t\t\t\t                                                            <div class=\"btn-wraper\">\n                                                                            <a class=\"elementskit-btn whitespace--normal\" id=\"\" href=\"https:\/\/www.fw-pfaffenhofen-glonn.de\/index.php\/2026\/04\/15\/fr\/\">\n                                            Weiterlesen                                            <i aria-hidden=\"true\" class=\"fas fa-angle-right\"><\/i>                                        <\/a>\n                                    \n                                                                    <\/div>\n                                                    <\/div><!-- .elementskit-post-body END -->\n                    <\/div>\n                \n            <\/div>\n                    <div class=\"col-lg-12 col-md-12\">\n\n                                    <div class=\"elementskit-post-image-card\">\n                        <div class=\"elementskit-entry-header\">\n                            \n                            \n\t\t\t\t\t\t\t\t\t\t\t\t\t<\/div><!-- .elementskit-entry-header END -->\n\n\t\t\t\t\t\t<div class=\"elementskit-post-body \">\n\t\t\t\t\t\t\t\n\t\t\t\t\t\t\t\t\t\t\t\t\t\t\t\t\t\t\t\t\t\t\t\t\t\t\t\t\t\t\n\t\t\t\t\t\t\t\t\n\t\t\t\t\t\t\t\t\t\t\t\t\t\t\t\t\t\t\t\t\t<h2 class=\"entry-title\">\n\t\t\t\t\t<a href=\"https:\/\/www.fw-pfaffenhofen-glonn.de\/index.php\/2026\/02\/07\/helferfest-31-januar\/\">\n\t\t\t\t\t\tHelferfest (31. Januar)\t\t\t\t\t<\/a>\n\t\t\t\t<\/h2>\n\t\t\t\t\t\t\t\t\t\t\t\t\t\t\t\t\t\t\t\t\t\t\t\t\t\t\t\t\t\t\t\t                                                            <div class=\"btn-wraper\">\n                                                                            <a class=\"elementskit-btn whitespace--normal\" id=\"\" href=\"https:\/\/www.fw-pfaffenhofen-glonn.de\/index.php\/2026\/02\/07\/helferfest-31-januar\/\">\n                                            Weiterlesen                                            <i aria-hidden=\"true\" class=\"fas fa-angle-right\"><\/i>                                        <\/a>\n                                    \n                                                                    <\/div>\n                                                    <\/div><!-- .elementskit-post-body END -->\n                    <\/div>\n                \n            <\/div>\n                <\/div>\n       <\/div>\t\t\t\t<\/div>\n\t\t\t\t<\/div>\n\t\t\t\t<div class=\"elementor-element elementor-element-19c2a6bf elementor-align-center elementor-widget elementor-widget-button\" data-id=\"19c2a6bf\" data-element_type=\"widget\" data-e-type=\"widget\" data-widget_type=\"button.default\">\n\t\t\t\t<div class=\"elementor-widget-container\">\n\t\t\t\t\t\t\t\t\t<div class=\"elementor-button-wrapper\">\n\t\t\t\t\t<a class=\"elementor-button elementor-button-link elementor-size-md elementor-animation-grow\" href=\"https:\/\/www.fw-pfaffenhofen-glonn.de\/index.php\/aktuelles\/\">\n\t\t\t\t\t\t<span class=\"elementor-button-content-wrapper\">\n\t\t\t\t\t\t\t\t\t<span class=\"elementor-button-text\">Alle Beitr\u00e4ge<\/span>\n\t\t\t\t\t<\/span>\n\t\t\t\t\t<\/a>\n\t\t\t\t<\/div>\n\t\t\t\t\t\t\t\t<\/div>\n\t\t\t\t<\/div>\n\t\t\t\t\t<\/div>\n\t\t<\/div>\n\t\t\t\t\t<\/div>\n\t\t<\/section>\n\t\t\t\t<\/div>\n\t\t","protected":false},"excerpt":{"rendered":"<p>Mehrzweckzug Im Juli drehte sich die \u00dcbung um den Mehrzweckzug und die dazu ben\u00f6tigten Anschlagmittel, so werden die Ketten, Sch\u00e4kel und Bandschlingen genannt. Der Mehrzweckzug MZ 16 ist ein handbet\u00e4tigte Zugeinrichtungen mit einer Nennzugkraft von 16 kN (entspricht 1,6 Tonnen), und dient zum Heben, Ziehen, Sichern und Absenken von Lasten. Nachdem alle\u00b4s auf unserer blauen [&hellip;]<\/p>\n","protected":false},"author":3,"featured_media":0,"comment_status":"closed","ping_status":"open","sticky":false,"template":"","format":"standard","meta":{"iawp_total_views":29,"footnotes":""},"categories":[1],"tags":[],"class_list":["post-2452","post","type-post","status-publish","format-standard","hentry","category-uncategorized"],"yoast_head":"<!-- This site is optimized with the Yoast SEO plugin v27.5 - https:\/\/yoast.com\/product\/yoast-seo-wordpress\/ -->\n<title>Mehrzweckzug - Freiwillige Feuerwehr Pfaffenhofen a. d. Glonn e.V.<\/title>\n<meta name=\"robots\" content=\"index, follow, max-snippet:-1, max-image-preview:large, max-video-preview:-1\" \/>\n<link rel=\"canonical\" href=\"https:\/\/www.fw-pfaffenhofen-glonn.de\/index.php\/2024\/10\/02\/mehrzweckzug\/\" \/>\n<meta property=\"og:locale\" content=\"de_DE\" \/>\n<meta property=\"og:type\" content=\"article\" \/>\n<meta property=\"og:title\" content=\"Mehrzweckzug - Freiwillige Feuerwehr Pfaffenhofen a. d. Glonn e.V.\" \/>\n<meta property=\"og:description\" content=\"Mehrzweckzug Im Juli drehte sich die \u00dcbung um den Mehrzweckzug und die dazu ben\u00f6tigten Anschlagmittel, so werden die Ketten, Sch\u00e4kel und Bandschlingen genannt. Der Mehrzweckzug MZ 16 ist ein handbet\u00e4tigte Zugeinrichtungen mit einer Nennzugkraft von 16 kN (entspricht 1,6 Tonnen), und dient zum Heben, Ziehen, Sichern und Absenken von Lasten. Nachdem alle\u00b4s auf unserer blauen [&hellip;]\" \/>\n<meta property=\"og:url\" content=\"https:\/\/www.fw-pfaffenhofen-glonn.de\/index.php\/2024\/10\/02\/mehrzweckzug\/\" \/>\n<meta property=\"og:site_name\" content=\"Freiwillige Feuerwehr Pfaffenhofen a. d. Glonn e.V.\" \/>\n<meta property=\"article:published_time\" content=\"2024-10-02T19:28:30+00:00\" \/>\n<meta property=\"article:modified_time\" content=\"2024-11-16T20:32:21+00:00\" \/>\n<meta property=\"og:image\" content=\"https:\/\/www.fw-pfaffenhofen-glonn.de\/wp-content\/uploads\/2024\/11\/MZ16-1.jpg\" \/>\n<meta name=\"author\" content=\"Rene Knopp\" \/>\n<meta name=\"twitter:card\" content=\"summary_large_image\" \/>\n<meta name=\"twitter:label1\" content=\"Verfasst von\" \/>\n\t<meta name=\"twitter:data1\" content=\"Rene Knopp\" \/>\n\t<meta name=\"twitter:label2\" content=\"Gesch\u00e4tzte Lesezeit\" \/>\n\t<meta name=\"twitter:data2\" content=\"2\u00a0Minuten\" \/>\n<script type=\"application\/ld+json\" class=\"yoast-schema-graph\">{\"@context\":\"https:\\\/\\\/schema.org\",\"@graph\":[{\"@type\":\"Article\",\"@id\":\"https:\\\/\\\/www.fw-pfaffenhofen-glonn.de\\\/index.php\\\/2024\\\/10\\\/02\\\/mehrzweckzug\\\/#article\",\"isPartOf\":{\"@id\":\"https:\\\/\\\/www.fw-pfaffenhofen-glonn.de\\\/index.php\\\/2024\\\/10\\\/02\\\/mehrzweckzug\\\/\"},\"author\":{\"name\":\"Rene Knopp\",\"@id\":\"https:\\\/\\\/www.fw-pfaffenhofen-glonn.de\\\/#\\\/schema\\\/person\\\/ec82cc592093d991c604a4c2e29040de\"},\"headline\":\"Mehrzweckzug\",\"datePublished\":\"2024-10-02T19:28:30+00:00\",\"dateModified\":\"2024-11-16T20:32:21+00:00\",\"mainEntityOfPage\":{\"@id\":\"https:\\\/\\\/www.fw-pfaffenhofen-glonn.de\\\/index.php\\\/2024\\\/10\\\/02\\\/mehrzweckzug\\\/\"},\"wordCount\":137,\"publisher\":{\"@id\":\"https:\\\/\\\/www.fw-pfaffenhofen-glonn.de\\\/#organization\"},\"image\":{\"@id\":\"https:\\\/\\\/www.fw-pfaffenhofen-glonn.de\\\/index.php\\\/2024\\\/10\\\/02\\\/mehrzweckzug\\\/#primaryimage\"},\"thumbnailUrl\":\"https:\\\/\\\/www.fw-pfaffenhofen-glonn.de\\\/wp-content\\\/uploads\\\/2024\\\/11\\\/MZ16-1.jpg\",\"articleSection\":[\"Uncategorized\"],\"inLanguage\":\"de\"},{\"@type\":\"WebPage\",\"@id\":\"https:\\\/\\\/www.fw-pfaffenhofen-glonn.de\\\/index.php\\\/2024\\\/10\\\/02\\\/mehrzweckzug\\\/\",\"url\":\"https:\\\/\\\/www.fw-pfaffenhofen-glonn.de\\\/index.php\\\/2024\\\/10\\\/02\\\/mehrzweckzug\\\/\",\"name\":\"Mehrzweckzug - Freiwillige Feuerwehr Pfaffenhofen a. d. Glonn e.V.\",\"isPartOf\":{\"@id\":\"https:\\\/\\\/www.fw-pfaffenhofen-glonn.de\\\/#website\"},\"primaryImageOfPage\":{\"@id\":\"https:\\\/\\\/www.fw-pfaffenhofen-glonn.de\\\/index.php\\\/2024\\\/10\\\/02\\\/mehrzweckzug\\\/#primaryimage\"},\"image\":{\"@id\":\"https:\\\/\\\/www.fw-pfaffenhofen-glonn.de\\\/index.php\\\/2024\\\/10\\\/02\\\/mehrzweckzug\\\/#primaryimage\"},\"thumbnailUrl\":\"https:\\\/\\\/www.fw-pfaffenhofen-glonn.de\\\/wp-content\\\/uploads\\\/2024\\\/11\\\/MZ16-1.jpg\",\"datePublished\":\"2024-10-02T19:28:30+00:00\",\"dateModified\":\"2024-11-16T20:32:21+00:00\",\"breadcrumb\":{\"@id\":\"https:\\\/\\\/www.fw-pfaffenhofen-glonn.de\\\/index.php\\\/2024\\\/10\\\/02\\\/mehrzweckzug\\\/#breadcrumb\"},\"inLanguage\":\"de\",\"potentialAction\":[{\"@type\":\"ReadAction\",\"target\":[\"https:\\\/\\\/www.fw-pfaffenhofen-glonn.de\\\/index.php\\\/2024\\\/10\\\/02\\\/mehrzweckzug\\\/\"]}]},{\"@type\":\"ImageObject\",\"inLanguage\":\"de\",\"@id\":\"https:\\\/\\\/www.fw-pfaffenhofen-glonn.de\\\/index.php\\\/2024\\\/10\\\/02\\\/mehrzweckzug\\\/#primaryimage\",\"url\":\"https:\\\/\\\/www.fw-pfaffenhofen-glonn.de\\\/wp-content\\\/uploads\\\/2024\\\/11\\\/MZ16-1.jpg\",\"contentUrl\":\"https:\\\/\\\/www.fw-pfaffenhofen-glonn.de\\\/wp-content\\\/uploads\\\/2024\\\/11\\\/MZ16-1.jpg\",\"width\":265,\"height\":199},{\"@type\":\"BreadcrumbList\",\"@id\":\"https:\\\/\\\/www.fw-pfaffenhofen-glonn.de\\\/index.php\\\/2024\\\/10\\\/02\\\/mehrzweckzug\\\/#breadcrumb\",\"itemListElement\":[{\"@type\":\"ListItem\",\"position\":1,\"name\":\"Startseite\",\"item\":\"https:\\\/\\\/www.fw-pfaffenhofen-glonn.de\\\/\"},{\"@type\":\"ListItem\",\"position\":2,\"name\":\"Mehrzweckzug\"}]},{\"@type\":\"WebSite\",\"@id\":\"https:\\\/\\\/www.fw-pfaffenhofen-glonn.de\\\/#website\",\"url\":\"https:\\\/\\\/www.fw-pfaffenhofen-glonn.de\\\/\",\"name\":\"Freiwillige Feuerwehr Pfaffenhofen a. d. Glonn e.V.\",\"description\":\"\",\"publisher\":{\"@id\":\"https:\\\/\\\/www.fw-pfaffenhofen-glonn.de\\\/#organization\"},\"potentialAction\":[{\"@type\":\"SearchAction\",\"target\":{\"@type\":\"EntryPoint\",\"urlTemplate\":\"https:\\\/\\\/www.fw-pfaffenhofen-glonn.de\\\/?s={search_term_string}\"},\"query-input\":{\"@type\":\"PropertyValueSpecification\",\"valueRequired\":true,\"valueName\":\"search_term_string\"}}],\"inLanguage\":\"de\"},{\"@type\":\"Organization\",\"@id\":\"https:\\\/\\\/www.fw-pfaffenhofen-glonn.de\\\/#organization\",\"name\":\"Freiwillige Feuerwehr Pfaffenhofen a. d. Glonn e.V.\",\"url\":\"https:\\\/\\\/www.fw-pfaffenhofen-glonn.de\\\/\",\"logo\":{\"@type\":\"ImageObject\",\"inLanguage\":\"de\",\"@id\":\"https:\\\/\\\/www.fw-pfaffenhofen-glonn.de\\\/#\\\/schema\\\/logo\\\/image\\\/\",\"url\":\"https:\\\/\\\/www.fw-pfaffenhofen-glonn.de\\\/wp-content\\\/uploads\\\/2023\\\/06\\\/Feuerwehr-Pfaffenhofen-Logo-invertiert-header-2.png\",\"contentUrl\":\"https:\\\/\\\/www.fw-pfaffenhofen-glonn.de\\\/wp-content\\\/uploads\\\/2023\\\/06\\\/Feuerwehr-Pfaffenhofen-Logo-invertiert-header-2.png\",\"width\":1077,\"height\":500,\"caption\":\"Freiwillige Feuerwehr Pfaffenhofen a. d. Glonn e.V.\"},\"image\":{\"@id\":\"https:\\\/\\\/www.fw-pfaffenhofen-glonn.de\\\/#\\\/schema\\\/logo\\\/image\\\/\"}},{\"@type\":\"Person\",\"@id\":\"https:\\\/\\\/www.fw-pfaffenhofen-glonn.de\\\/#\\\/schema\\\/person\\\/ec82cc592093d991c604a4c2e29040de\",\"name\":\"Rene Knopp\",\"image\":{\"@type\":\"ImageObject\",\"inLanguage\":\"de\",\"@id\":\"https:\\\/\\\/secure.gravatar.com\\\/avatar\\\/183c759e5d681a4504c09b43d7455e9bc3aeda293d8d2474630df4120940822a?s=96&d=mm&r=g\",\"url\":\"https:\\\/\\\/secure.gravatar.com\\\/avatar\\\/183c759e5d681a4504c09b43d7455e9bc3aeda293d8d2474630df4120940822a?s=96&d=mm&r=g\",\"contentUrl\":\"https:\\\/\\\/secure.gravatar.com\\\/avatar\\\/183c759e5d681a4504c09b43d7455e9bc3aeda293d8d2474630df4120940822a?s=96&d=mm&r=g\",\"caption\":\"Rene Knopp\"}}]}<\/script>\n<!-- \/ Yoast SEO plugin. -->","yoast_head_json":{"title":"Mehrzweckzug - Freiwillige Feuerwehr Pfaffenhofen a. d. Glonn e.V.","robots":{"index":"index","follow":"follow","max-snippet":"max-snippet:-1","max-image-preview":"max-image-preview:large","max-video-preview":"max-video-preview:-1"},"canonical":"https:\/\/www.fw-pfaffenhofen-glonn.de\/index.php\/2024\/10\/02\/mehrzweckzug\/","og_locale":"de_DE","og_type":"article","og_title":"Mehrzweckzug - Freiwillige Feuerwehr Pfaffenhofen a. d. Glonn e.V.","og_description":"Mehrzweckzug Im Juli drehte sich die \u00dcbung um den Mehrzweckzug und die dazu ben\u00f6tigten Anschlagmittel, so werden die Ketten, Sch\u00e4kel und Bandschlingen genannt. Der Mehrzweckzug MZ 16 ist ein handbet\u00e4tigte Zugeinrichtungen mit einer Nennzugkraft von 16 kN (entspricht 1,6 Tonnen), und dient zum Heben, Ziehen, Sichern und Absenken von Lasten. Nachdem alle\u00b4s auf unserer blauen [&hellip;]","og_url":"https:\/\/www.fw-pfaffenhofen-glonn.de\/index.php\/2024\/10\/02\/mehrzweckzug\/","og_site_name":"Freiwillige Feuerwehr Pfaffenhofen a. d. Glonn e.V.","article_published_time":"2024-10-02T19:28:30+00:00","article_modified_time":"2024-11-16T20:32:21+00:00","og_image":[{"url":"https:\/\/www.fw-pfaffenhofen-glonn.de\/wp-content\/uploads\/2024\/11\/MZ16-1.jpg","type":"","width":"","height":""}],"author":"Rene Knopp","twitter_card":"summary_large_image","twitter_misc":{"Verfasst von":"Rene Knopp","Gesch\u00e4tzte Lesezeit":"2\u00a0Minuten"},"schema":{"@context":"https:\/\/schema.org","@graph":[{"@type":"Article","@id":"https:\/\/www.fw-pfaffenhofen-glonn.de\/index.php\/2024\/10\/02\/mehrzweckzug\/#article","isPartOf":{"@id":"https:\/\/www.fw-pfaffenhofen-glonn.de\/index.php\/2024\/10\/02\/mehrzweckzug\/"},"author":{"name":"Rene Knopp","@id":"https:\/\/www.fw-pfaffenhofen-glonn.de\/#\/schema\/person\/ec82cc592093d991c604a4c2e29040de"},"headline":"Mehrzweckzug","datePublished":"2024-10-02T19:28:30+00:00","dateModified":"2024-11-16T20:32:21+00:00","mainEntityOfPage":{"@id":"https:\/\/www.fw-pfaffenhofen-glonn.de\/index.php\/2024\/10\/02\/mehrzweckzug\/"},"wordCount":137,"publisher":{"@id":"https:\/\/www.fw-pfaffenhofen-glonn.de\/#organization"},"image":{"@id":"https:\/\/www.fw-pfaffenhofen-glonn.de\/index.php\/2024\/10\/02\/mehrzweckzug\/#primaryimage"},"thumbnailUrl":"https:\/\/www.fw-pfaffenhofen-glonn.de\/wp-content\/uploads\/2024\/11\/MZ16-1.jpg","articleSection":["Uncategorized"],"inLanguage":"de"},{"@type":"WebPage","@id":"https:\/\/www.fw-pfaffenhofen-glonn.de\/index.php\/2024\/10\/02\/mehrzweckzug\/","url":"https:\/\/www.fw-pfaffenhofen-glonn.de\/index.php\/2024\/10\/02\/mehrzweckzug\/","name":"Mehrzweckzug - Freiwillige Feuerwehr Pfaffenhofen a. d. Glonn e.V.","isPartOf":{"@id":"https:\/\/www.fw-pfaffenhofen-glonn.de\/#website"},"primaryImageOfPage":{"@id":"https:\/\/www.fw-pfaffenhofen-glonn.de\/index.php\/2024\/10\/02\/mehrzweckzug\/#primaryimage"},"image":{"@id":"https:\/\/www.fw-pfaffenhofen-glonn.de\/index.php\/2024\/10\/02\/mehrzweckzug\/#primaryimage"},"thumbnailUrl":"https:\/\/www.fw-pfaffenhofen-glonn.de\/wp-content\/uploads\/2024\/11\/MZ16-1.jpg","datePublished":"2024-10-02T19:28:30+00:00","dateModified":"2024-11-16T20:32:21+00:00","breadcrumb":{"@id":"https:\/\/www.fw-pfaffenhofen-glonn.de\/index.php\/2024\/10\/02\/mehrzweckzug\/#breadcrumb"},"inLanguage":"de","potentialAction":[{"@type":"ReadAction","target":["https:\/\/www.fw-pfaffenhofen-glonn.de\/index.php\/2024\/10\/02\/mehrzweckzug\/"]}]},{"@type":"ImageObject","inLanguage":"de","@id":"https:\/\/www.fw-pfaffenhofen-glonn.de\/index.php\/2024\/10\/02\/mehrzweckzug\/#primaryimage","url":"https:\/\/www.fw-pfaffenhofen-glonn.de\/wp-content\/uploads\/2024\/11\/MZ16-1.jpg","contentUrl":"https:\/\/www.fw-pfaffenhofen-glonn.de\/wp-content\/uploads\/2024\/11\/MZ16-1.jpg","width":265,"height":199},{"@type":"BreadcrumbList","@id":"https:\/\/www.fw-pfaffenhofen-glonn.de\/index.php\/2024\/10\/02\/mehrzweckzug\/#breadcrumb","itemListElement":[{"@type":"ListItem","position":1,"name":"Startseite","item":"https:\/\/www.fw-pfaffenhofen-glonn.de\/"},{"@type":"ListItem","position":2,"name":"Mehrzweckzug"}]},{"@type":"WebSite","@id":"https:\/\/www.fw-pfaffenhofen-glonn.de\/#website","url":"https:\/\/www.fw-pfaffenhofen-glonn.de\/","name":"Freiwillige Feuerwehr Pfaffenhofen a. d. Glonn e.V.","description":"","publisher":{"@id":"https:\/\/www.fw-pfaffenhofen-glonn.de\/#organization"},"potentialAction":[{"@type":"SearchAction","target":{"@type":"EntryPoint","urlTemplate":"https:\/\/www.fw-pfaffenhofen-glonn.de\/?s={search_term_string}"},"query-input":{"@type":"PropertyValueSpecification","valueRequired":true,"valueName":"search_term_string"}}],"inLanguage":"de"},{"@type":"Organization","@id":"https:\/\/www.fw-pfaffenhofen-glonn.de\/#organization","name":"Freiwillige Feuerwehr Pfaffenhofen a. d. Glonn e.V.","url":"https:\/\/www.fw-pfaffenhofen-glonn.de\/","logo":{"@type":"ImageObject","inLanguage":"de","@id":"https:\/\/www.fw-pfaffenhofen-glonn.de\/#\/schema\/logo\/image\/","url":"https:\/\/www.fw-pfaffenhofen-glonn.de\/wp-content\/uploads\/2023\/06\/Feuerwehr-Pfaffenhofen-Logo-invertiert-header-2.png","contentUrl":"https:\/\/www.fw-pfaffenhofen-glonn.de\/wp-content\/uploads\/2023\/06\/Feuerwehr-Pfaffenhofen-Logo-invertiert-header-2.png","width":1077,"height":500,"caption":"Freiwillige Feuerwehr Pfaffenhofen a. d. Glonn e.V."},"image":{"@id":"https:\/\/www.fw-pfaffenhofen-glonn.de\/#\/schema\/logo\/image\/"}},{"@type":"Person","@id":"https:\/\/www.fw-pfaffenhofen-glonn.de\/#\/schema\/person\/ec82cc592093d991c604a4c2e29040de","name":"Rene Knopp","image":{"@type":"ImageObject","inLanguage":"de","@id":"https:\/\/secure.gravatar.com\/avatar\/183c759e5d681a4504c09b43d7455e9bc3aeda293d8d2474630df4120940822a?s=96&d=mm&r=g","url":"https:\/\/secure.gravatar.com\/avatar\/183c759e5d681a4504c09b43d7455e9bc3aeda293d8d2474630df4120940822a?s=96&d=mm&r=g","contentUrl":"https:\/\/secure.gravatar.com\/avatar\/183c759e5d681a4504c09b43d7455e9bc3aeda293d8d2474630df4120940822a?s=96&d=mm&r=g","caption":"Rene Knopp"}}]}},"_links":{"self":[{"href":"https:\/\/www.fw-pfaffenhofen-glonn.de\/index.php\/wp-json\/wp\/v2\/posts\/2452","targetHints":{"allow":["GET"]}}],"collection":[{"href":"https:\/\/www.fw-pfaffenhofen-glonn.de\/index.php\/wp-json\/wp\/v2\/posts"}],"about":[{"href":"https:\/\/www.fw-pfaffenhofen-glonn.de\/index.php\/wp-json\/wp\/v2\/types\/post"}],"author":[{"embeddable":true,"href":"https:\/\/www.fw-pfaffenhofen-glonn.de\/index.php\/wp-json\/wp\/v2\/users\/3"}],"replies":[{"embeddable":true,"href":"https:\/\/www.fw-pfaffenhofen-glonn.de\/index.php\/wp-json\/wp\/v2\/comments?post=2452"}],"version-history":[{"count":4,"href":"https:\/\/www.fw-pfaffenhofen-glonn.de\/index.php\/wp-json\/wp\/v2\/posts\/2452\/revisions"}],"predecessor-version":[{"id":2461,"href":"https:\/\/www.fw-pfaffenhofen-glonn.de\/index.php\/wp-json\/wp\/v2\/posts\/2452\/revisions\/2461"}],"wp:attachment":[{"href":"https:\/\/www.fw-pfaffenhofen-glonn.de\/index.php\/wp-json\/wp\/v2\/media?parent=2452"}],"wp:term":[{"taxonomy":"category","embeddable":true,"href":"https:\/\/www.fw-pfaffenhofen-glonn.de\/index.php\/wp-json\/wp\/v2\/categories?post=2452"},{"taxonomy":"post_tag","embeddable":true,"href":"https:\/\/www.fw-pfaffenhofen-glonn.de\/index.php\/wp-json\/wp\/v2\/tags?post=2452"}],"curies":[{"name":"wp","href":"https:\/\/api.w.org\/{rel}","templated":true}]}}