{"id":2732,"date":"2025-07-11T17:25:11","date_gmt":"2025-07-11T15:25:11","guid":{"rendered":"https:\/\/www.fw-pfaffenhofen-glonn.de\/?p=2732"},"modified":"2025-07-11T18:45:39","modified_gmt":"2025-07-11T16:45:39","slug":"brandschutzuebung-im-kindergarten","status":"publish","type":"post","link":"https:\/\/www.fw-pfaffenhofen-glonn.de\/index.php\/2025\/07\/11\/brandschutzuebung-im-kindergarten\/","title":{"rendered":"Brandschutz\u00fcbung im Kindergarten"},"content":{"rendered":"\t\t<div data-elementor-type=\"wp-post\" data-elementor-id=\"2732\" class=\"elementor elementor-2732\">\n\t\t\t\t\t\t<section class=\"elementor-section elementor-top-section elementor-element elementor-element-4cc6a27 elementor-section-boxed elementor-section-height-default elementor-section-height-default\" data-id=\"4cc6a27\" data-element_type=\"section\" data-e-type=\"section\" data-settings=\"{&quot;background_background&quot;:&quot;classic&quot;}\">\n\t\t\t\t\t\t<div class=\"elementor-container elementor-column-gap-default\">\n\t\t\t\t\t<div class=\"elementor-column elementor-col-50 elementor-top-column elementor-element elementor-element-35039560\" data-id=\"35039560\" data-element_type=\"column\" data-e-type=\"column\">\n\t\t\t<div class=\"elementor-widget-wrap elementor-element-populated\">\n\t\t\t\t\t\t<div class=\"elementor-element elementor-element-50d5a305 elementor-widget elementor-widget-heading\" data-id=\"50d5a305\" data-element_type=\"widget\" data-e-type=\"widget\" data-widget_type=\"heading.default\">\n\t\t\t\t<div class=\"elementor-widget-container\">\n\t\t\t\t\t<h1 class=\"elementor-heading-title elementor-size-default\">Brandschutz\u00fcbung im Kindergarten<\/h1>\t\t\t\t<\/div>\n\t\t\t\t<\/div>\n\t\t\t\t<section class=\"elementor-section elementor-inner-section elementor-element elementor-element-6bd725aa elementor-section-boxed elementor-section-height-default elementor-section-height-default\" data-id=\"6bd725aa\" data-element_type=\"section\" data-e-type=\"section\">\n\t\t\t\t\t\t<div class=\"elementor-container elementor-column-gap-default\">\n\t\t\t\t\t<div class=\"elementor-column elementor-col-50 elementor-inner-column elementor-element elementor-element-539527c2\" data-id=\"539527c2\" data-element_type=\"column\" data-e-type=\"column\">\n\t\t\t<div class=\"elementor-widget-wrap elementor-element-populated\">\n\t\t\t\t\t\t<div class=\"elementor-element elementor-element-5938121 elementor-widget elementor-widget-image\" data-id=\"5938121\" data-element_type=\"widget\" data-e-type=\"widget\" data-widget_type=\"image.default\">\n\t\t\t\t<div class=\"elementor-widget-container\">\n\t\t\t\t\t\t\t\t\t\t\t\t\t\t\t<img fetchpriority=\"high\" decoding=\"async\" width=\"800\" height=\"600\" src=\"https:\/\/www.fw-pfaffenhofen-glonn.de\/wp-content\/uploads\/2025\/07\/IMG-20250708-WA0088-1024x768.jpg\" class=\"attachment-large size-large wp-image-2739\" alt=\"\" srcset=\"https:\/\/www.fw-pfaffenhofen-glonn.de\/wp-content\/uploads\/2025\/07\/IMG-20250708-WA0088-1024x768.jpg 1024w, https:\/\/www.fw-pfaffenhofen-glonn.de\/wp-content\/uploads\/2025\/07\/IMG-20250708-WA0088-300x225.jpg 300w, https:\/\/www.fw-pfaffenhofen-glonn.de\/wp-content\/uploads\/2025\/07\/IMG-20250708-WA0088-768x576.jpg 768w, https:\/\/www.fw-pfaffenhofen-glonn.de\/wp-content\/uploads\/2025\/07\/IMG-20250708-WA0088-1536x1152.jpg 1536w, https:\/\/www.fw-pfaffenhofen-glonn.de\/wp-content\/uploads\/2025\/07\/IMG-20250708-WA0088.jpg 2040w\" sizes=\"(max-width: 800px) 100vw, 800px\" \/>\t\t\t\t\t\t\t\t\t\t\t\t\t\t\t<\/div>\n\t\t\t\t<\/div>\n\t\t\t\t<div class=\"elementor-element elementor-element-14e7e302 elementor-widget elementor-widget-image\" data-id=\"14e7e302\" data-element_type=\"widget\" data-e-type=\"widget\" data-widget_type=\"image.default\">\n\t\t\t\t<div class=\"elementor-widget-container\">\n\t\t\t\t\t\t\t\t\t\t\t\t\t\t\t<img decoding=\"async\" width=\"768\" height=\"1024\" src=\"https:\/\/www.fw-pfaffenhofen-glonn.de\/wp-content\/uploads\/2025\/07\/IMG-20250708-WA0000-768x1024.jpg\" class=\"attachment-large size-large wp-image-2738\" alt=\"\" srcset=\"https:\/\/www.fw-pfaffenhofen-glonn.de\/wp-content\/uploads\/2025\/07\/IMG-20250708-WA0000-768x1024.jpg 768w, https:\/\/www.fw-pfaffenhofen-glonn.de\/wp-content\/uploads\/2025\/07\/IMG-20250708-WA0000-225x300.jpg 225w, https:\/\/www.fw-pfaffenhofen-glonn.de\/wp-content\/uploads\/2025\/07\/IMG-20250708-WA0000-1152x1536.jpg 1152w, https:\/\/www.fw-pfaffenhofen-glonn.de\/wp-content\/uploads\/2025\/07\/IMG-20250708-WA0000.jpg 1500w\" sizes=\"(max-width: 768px) 100vw, 768px\" \/>\t\t\t\t\t\t\t\t\t\t\t\t\t\t\t<\/div>\n\t\t\t\t<\/div>\n\t\t\t\t<div class=\"elementor-element elementor-element-2714515d elementor-widget elementor-widget-image\" data-id=\"2714515d\" data-element_type=\"widget\" data-e-type=\"widget\" data-widget_type=\"image.default\">\n\t\t\t\t<div class=\"elementor-widget-container\">\n\t\t\t\t\t\t\t\t\t\t\t\t\t\t\t<img decoding=\"async\" width=\"800\" height=\"600\" src=\"https:\/\/www.fw-pfaffenhofen-glonn.de\/wp-content\/uploads\/2025\/07\/IMG-20250708-WA0077-1024x768.jpg\" class=\"attachment-large size-large wp-image-2737\" alt=\"\" srcset=\"https:\/\/www.fw-pfaffenhofen-glonn.de\/wp-content\/uploads\/2025\/07\/IMG-20250708-WA0077-1024x768.jpg 1024w, https:\/\/www.fw-pfaffenhofen-glonn.de\/wp-content\/uploads\/2025\/07\/IMG-20250708-WA0077-300x225.jpg 300w, https:\/\/www.fw-pfaffenhofen-glonn.de\/wp-content\/uploads\/2025\/07\/IMG-20250708-WA0077-768x576.jpg 768w, https:\/\/www.fw-pfaffenhofen-glonn.de\/wp-content\/uploads\/2025\/07\/IMG-20250708-WA0077-1536x1152.jpg 1536w, https:\/\/www.fw-pfaffenhofen-glonn.de\/wp-content\/uploads\/2025\/07\/IMG-20250708-WA0077.jpg 2040w\" sizes=\"(max-width: 800px) 100vw, 800px\" \/>\t\t\t\t\t\t\t\t\t\t\t\t\t\t\t<\/div>\n\t\t\t\t<\/div>\n\t\t\t\t<div class=\"elementor-element elementor-element-84d0830 elementor-widget elementor-widget-image\" data-id=\"84d0830\" data-element_type=\"widget\" data-e-type=\"widget\" data-widget_type=\"image.default\">\n\t\t\t\t<div class=\"elementor-widget-container\">\n\t\t\t\t\t\t\t\t\t\t\t\t\t\t\t<img loading=\"lazy\" decoding=\"async\" width=\"800\" height=\"600\" src=\"https:\/\/www.fw-pfaffenhofen-glonn.de\/wp-content\/uploads\/2025\/07\/IMG-20250708-WA0049-1024x768.jpg\" class=\"attachment-large size-large wp-image-2741\" alt=\"\" srcset=\"https:\/\/www.fw-pfaffenhofen-glonn.de\/wp-content\/uploads\/2025\/07\/IMG-20250708-WA0049-1024x768.jpg 1024w, https:\/\/www.fw-pfaffenhofen-glonn.de\/wp-content\/uploads\/2025\/07\/IMG-20250708-WA0049-300x225.jpg 300w, https:\/\/www.fw-pfaffenhofen-glonn.de\/wp-content\/uploads\/2025\/07\/IMG-20250708-WA0049-768x576.jpg 768w, https:\/\/www.fw-pfaffenhofen-glonn.de\/wp-content\/uploads\/2025\/07\/IMG-20250708-WA0049-1536x1152.jpg 1536w, https:\/\/www.fw-pfaffenhofen-glonn.de\/wp-content\/uploads\/2025\/07\/IMG-20250708-WA0049.jpg 1600w\" sizes=\"(max-width: 800px) 100vw, 800px\" \/>\t\t\t\t\t\t\t\t\t\t\t\t\t\t\t<\/div>\n\t\t\t\t<\/div>\n\t\t\t\t<div class=\"elementor-element elementor-element-7c0184df elementor-widget elementor-widget-image\" data-id=\"7c0184df\" data-element_type=\"widget\" data-e-type=\"widget\" data-widget_type=\"image.default\">\n\t\t\t\t<div class=\"elementor-widget-container\">\n\t\t\t\t\t\t\t\t\t\t\t\t\t\t\t<img loading=\"lazy\" decoding=\"async\" width=\"800\" height=\"600\" src=\"https:\/\/www.fw-pfaffenhofen-glonn.de\/wp-content\/uploads\/2025\/07\/39bf515e-1290-48ef-8b05-aeae122442e2-1024x768.jpg\" class=\"attachment-large size-large wp-image-2743\" alt=\"\" srcset=\"https:\/\/www.fw-pfaffenhofen-glonn.de\/wp-content\/uploads\/2025\/07\/39bf515e-1290-48ef-8b05-aeae122442e2-1024x768.jpg 1024w, https:\/\/www.fw-pfaffenhofen-glonn.de\/wp-content\/uploads\/2025\/07\/39bf515e-1290-48ef-8b05-aeae122442e2-300x225.jpg 300w, https:\/\/www.fw-pfaffenhofen-glonn.de\/wp-content\/uploads\/2025\/07\/39bf515e-1290-48ef-8b05-aeae122442e2-768x576.jpg 768w, https:\/\/www.fw-pfaffenhofen-glonn.de\/wp-content\/uploads\/2025\/07\/39bf515e-1290-48ef-8b05-aeae122442e2-1536x1152.jpg 1536w, https:\/\/www.fw-pfaffenhofen-glonn.de\/wp-content\/uploads\/2025\/07\/39bf515e-1290-48ef-8b05-aeae122442e2.jpg 1600w\" sizes=\"(max-width: 800px) 100vw, 800px\" \/>\t\t\t\t\t\t\t\t\t\t\t\t\t\t\t<\/div>\n\t\t\t\t<\/div>\n\t\t\t\t<div class=\"elementor-element elementor-element-6af1242 elementor-widget elementor-widget-image\" data-id=\"6af1242\" data-element_type=\"widget\" data-e-type=\"widget\" data-widget_type=\"image.default\">\n\t\t\t\t<div class=\"elementor-widget-container\">\n\t\t\t\t\t\t\t\t\t\t\t\t\t\t\t<img loading=\"lazy\" decoding=\"async\" width=\"768\" height=\"1024\" src=\"https:\/\/www.fw-pfaffenhofen-glonn.de\/wp-content\/uploads\/2025\/07\/IMG-20250708-WA0021-768x1024.jpg\" class=\"attachment-large size-large wp-image-2740\" alt=\"\" srcset=\"https:\/\/www.fw-pfaffenhofen-glonn.de\/wp-content\/uploads\/2025\/07\/IMG-20250708-WA0021-768x1024.jpg 768w, https:\/\/www.fw-pfaffenhofen-glonn.de\/wp-content\/uploads\/2025\/07\/IMG-20250708-WA0021-225x300.jpg 225w, https:\/\/www.fw-pfaffenhofen-glonn.de\/wp-content\/uploads\/2025\/07\/IMG-20250708-WA0021-1152x1536.jpg 1152w, https:\/\/www.fw-pfaffenhofen-glonn.de\/wp-content\/uploads\/2025\/07\/IMG-20250708-WA0021.jpg 1200w\" sizes=\"(max-width: 768px) 100vw, 768px\" \/>\t\t\t\t\t\t\t\t\t\t\t\t\t\t\t<\/div>\n\t\t\t\t<\/div>\n\t\t\t\t<div class=\"elementor-element elementor-element-5d5285a elementor-widget elementor-widget-image\" data-id=\"5d5285a\" data-element_type=\"widget\" data-e-type=\"widget\" data-widget_type=\"image.default\">\n\t\t\t\t<div class=\"elementor-widget-container\">\n\t\t\t\t\t\t\t\t\t\t\t\t\t\t\t<img loading=\"lazy\" decoding=\"async\" width=\"800\" height=\"600\" src=\"https:\/\/www.fw-pfaffenhofen-glonn.de\/wp-content\/uploads\/2025\/07\/IMG-20250709-WA0006-1024x768.jpg\" class=\"attachment-large size-large wp-image-2742\" alt=\"\" srcset=\"https:\/\/www.fw-pfaffenhofen-glonn.de\/wp-content\/uploads\/2025\/07\/IMG-20250709-WA0006-1024x768.jpg 1024w, https:\/\/www.fw-pfaffenhofen-glonn.de\/wp-content\/uploads\/2025\/07\/IMG-20250709-WA0006-300x225.jpg 300w, https:\/\/www.fw-pfaffenhofen-glonn.de\/wp-content\/uploads\/2025\/07\/IMG-20250709-WA0006-768x576.jpg 768w, https:\/\/www.fw-pfaffenhofen-glonn.de\/wp-content\/uploads\/2025\/07\/IMG-20250709-WA0006-1536x1152.jpg 1536w, https:\/\/www.fw-pfaffenhofen-glonn.de\/wp-content\/uploads\/2025\/07\/IMG-20250709-WA0006.jpg 2016w\" sizes=\"(max-width: 800px) 100vw, 800px\" \/>\t\t\t\t\t\t\t\t\t\t\t\t\t\t\t<\/div>\n\t\t\t\t<\/div>\n\t\t\t\t\t<\/div>\n\t\t<\/div>\n\t\t\t\t<div class=\"elementor-column elementor-col-50 elementor-inner-column elementor-element elementor-element-35a325de\" data-id=\"35a325de\" data-element_type=\"column\" data-e-type=\"column\">\n\t\t\t<div class=\"elementor-widget-wrap elementor-element-populated\">\n\t\t\t\t\t\t<div class=\"elementor-element elementor-element-50c01f5f elementor-widget elementor-widget-text-editor\" data-id=\"50c01f5f\" data-element_type=\"widget\" data-e-type=\"widget\" data-widget_type=\"text-editor.default\">\n\t\t\t\t<div class=\"elementor-widget-container\">\n\t\t\t\t\t\t\t\t\t<div>Am Dienstag, den 08.07.2025, haben sich extra ein paar Kameraden den Vormittag freigehalten, um bei einer besonderen Feuerwehr\u00fcbung teilzunehmen.<\/div><div>\u00a0<\/div><div>Alle 2 Jahre \u00fcben die Kinderh\u00e4user Pfaffenhofen und Egenburg mit ihren Kindern den Feueralarm. Was tun, wenn es brennt? Es raucht, es stinkt und vielleicht sieht man sogar Feuer. Der Hausalarm geht an und alle Kinder werden von Ihren Kinderg\u00e4rtnerinnen ins Freie zum Evakuierungsplatz gef\u00fchrt. Und dann kommt mit lautem Martinshorn und blinkendem Blaulicht die Feuerwehr angefahren. Das ist schon ganz sch\u00f6n aufregend. Und damit das im Ernstfall auch klappt und die Kinder nicht in Panik geraten, wird das regelm\u00e4\u00dfig ge\u00fcbt.<\/div><div>\u00a0<\/div><div>Dieses Jahr starteten wir in Pfaffenhofen den ersten Durchlauf. Im Spielzeuglager unter dem ehemaligen Feuerwehrhaus hat es gebrannt und eine Person musste gerettet werden. Die Kinder durften vom Spielplatz aus zusehen, wie die Feuerwehr ankam und Schl\u00e4uche ausgelegt wurden und 2 M\u00e4nner mit Atemschutzger\u00e4t in die stark verrauchte Kammer verschwanden. Zur Unterst\u00fctzung der Brandbek\u00e4mpfung wurde von au\u00dfen mit einem 2. Strahlrohr vorgegangen. \u00dcber das Funkger\u00e4t des Kommandanten konnten die Kinder mith\u00f6ren, wie innen das Feuer gel\u00f6scht wurde und eine verletzte Person gefunden und befreit. Dort wurde unsere \u00dcbungspuppe von unseren beiden Feuerwehrfrauen reanimiert und vor den Augen der Kinder wieder zu &#8222;Bewusstsein&#8220; gebracht.<\/div><div>\u00a0<\/div><div>Nachdem sich die Kinder die Ausr\u00fcstung unserer PA-Tr\u00e4ger angesehen haben, durften einige auch noch mal selber zeigen, dass sie unsere Feuerwehrfrau Magdalena in die stabile Seitenlage bringen k\u00f6nnen.<\/div><div>\u00a0<\/div><div>Nachdem die Ausr\u00fcstung wieder aufger\u00e4umt war ging es weiter ins Kinderhaus Egenburg, wo ebenfalls im Nebengeb\u00e4ude im Garten ein Feuer ausgebrochen ist.<\/div><div>\u00a0<\/div><div>Nach all der Aufregung ging es dann wieder zur\u00fcck in die Gruppen und die Feuerwehr fuhr wieder zur\u00fcck ins Ger\u00e4tehaus. Wir freuen uns immer auf die gro\u00dfen Augen der Kleinen. Und der eine oder andere w\u00e4chst sichtlich vor Stolz, wenn der Papa oder die Mama aus dem Feuerwehrauto steigen.<\/div><div>\u00a0<\/div><div>In diesem Sinne: Wenn du bei uns mitmachen willst, melde sich bei uns oder komm zu einer \u00dcbung vorbei und schau es dir an. Helfen kann man immer, auch wenn man kein Blut sehen kann oder H\u00f6henangst hat. Keine Vorkenntnisse n\u00f6tig und auch das Einstiegsalter (&lt;67 Jahre) sollte kein Hindernis sein.<\/div>\t\t\t\t\t\t\t\t<\/div>\n\t\t\t\t<\/div>\n\t\t\t\t\t<\/div>\n\t\t<\/div>\n\t\t\t\t\t<\/div>\n\t\t<\/section>\n\t\t\t\t\t<\/div>\n\t\t<\/div>\n\t\t\t\t<div class=\"elementor-column elementor-col-50 elementor-top-column elementor-element elementor-element-79d68c5a\" data-id=\"79d68c5a\" data-element_type=\"column\" data-e-type=\"column\">\n\t\t\t<div class=\"elementor-widget-wrap elementor-element-populated\">\n\t\t\t\t\t\t<div class=\"elementor-element elementor-element-28d5e631 elementor-widget elementor-widget-heading\" data-id=\"28d5e631\" data-element_type=\"widget\" data-e-type=\"widget\" data-widget_type=\"heading.default\">\n\t\t\t\t<div class=\"elementor-widget-container\">\n\t\t\t\t\t<h3 class=\"elementor-heading-title elementor-size-default\">Neueste Beitr\u00e4ge:<\/h3>\t\t\t\t<\/div>\n\t\t\t\t<\/div>\n\t\t\t\t<div class=\"elementor-element elementor-element-7cc00f5a elementor-widget elementor-widget-elementskit-blog-posts\" data-id=\"7cc00f5a\" data-element_type=\"widget\" data-e-type=\"widget\" data-widget_type=\"elementskit-blog-posts.default\">\n\t\t\t\t<div class=\"elementor-widget-container\">\n\t\t\t\t\t<div class=\"ekit-wid-con\" >        <div id=\"post-items--7cc00f5a\" class=\"row post-items\">\n                    <div class=\"col-lg-12 col-md-12\">\n\n                                    <div class=\"elementskit-post-image-card\">\n                        <div class=\"elementskit-entry-header\">\n                            \n                            \n\t\t\t\t\t\t\t\t\t\t\t\t\t<\/div><!-- .elementskit-entry-header END -->\n\n\t\t\t\t\t\t<div class=\"elementskit-post-body \">\n\t\t\t\t\t\t\t\n\t\t\t\t\t\t\t\t\t\t\t\t\t\t\t\t\t\t\t\t\t\t\t\t\t\t\t\t\t\t\n\t\t\t\t\t\t\t\t\n\t\t\t\t\t\t\t\t\t\t\t\t\t\t\t\t\t\t\t\t\t<h2 class=\"entry-title\">\n\t\t\t\t\t<a href=\"https:\/\/www.fw-pfaffenhofen-glonn.de\/index.php\/2026\/04\/27\/wir-feiern-die-kinderflamme-und-ein-jahr-kinderfeuerwehr\/\">\n\t\t\t\t\t\tWir feiern die Kinderflamme und&hellip;\t\t\t\t\t<\/a>\n\t\t\t\t<\/h2>\n\t\t\t\t\t\t\t\t\t\t\t\t\t\t\t\t\t\t\t\t\t\t\t\t\t\t\t\t\t\t\t\t                                                            <div class=\"btn-wraper\">\n                                                                            <a class=\"elementskit-btn whitespace--normal\" id=\"\" href=\"https:\/\/www.fw-pfaffenhofen-glonn.de\/index.php\/2026\/04\/27\/wir-feiern-die-kinderflamme-und-ein-jahr-kinderfeuerwehr\/\">\n                                            Weiterlesen                                            <i aria-hidden=\"true\" class=\"fas fa-angle-right\"><\/i>                                        <\/a>\n                                    \n                                                                    <\/div>\n                                                    <\/div><!-- .elementskit-post-body END -->\n                    <\/div>\n                \n            <\/div>\n                    <div class=\"col-lg-12 col-md-12\">\n\n                                    <div class=\"elementskit-post-image-card\">\n                        <div class=\"elementskit-entry-header\">\n                            \n                            \n\t\t\t\t\t\t\t\t\t\t\t\t\t<\/div><!-- .elementskit-entry-header END -->\n\n\t\t\t\t\t\t<div class=\"elementskit-post-body \">\n\t\t\t\t\t\t\t\n\t\t\t\t\t\t\t\t\t\t\t\t\t\t\t\t\t\t\t\t\t\t\t\t\t\t\t\t\t\t\n\t\t\t\t\t\t\t\t\n\t\t\t\t\t\t\t\t\t\t\t\t\t\t\t\t\t\t\t\t\t<h2 class=\"entry-title\">\n\t\t\t\t\t<a href=\"https:\/\/www.fw-pfaffenhofen-glonn.de\/index.php\/2026\/04\/22\/e\/\">\n\t\t\t\t\t\tEine neue Truppfrau und 6&hellip;\t\t\t\t\t<\/a>\n\t\t\t\t<\/h2>\n\t\t\t\t\t\t\t\t\t\t\t\t\t\t\t\t\t\t\t\t\t\t\t\t\t\t\t\t\t\t\t\t                                                            <div class=\"btn-wraper\">\n                                                                            <a class=\"elementskit-btn whitespace--normal\" id=\"\" href=\"https:\/\/www.fw-pfaffenhofen-glonn.de\/index.php\/2026\/04\/22\/e\/\">\n                                            Weiterlesen                                            <i aria-hidden=\"true\" class=\"fas fa-angle-right\"><\/i>                                        <\/a>\n                                    \n                                                                    <\/div>\n                                                    <\/div><!-- .elementskit-post-body END -->\n                    <\/div>\n                \n            <\/div>\n                    <div class=\"col-lg-12 col-md-12\">\n\n                                    <div class=\"elementskit-post-image-card\">\n                        <div class=\"elementskit-entry-header\">\n                            \n                            \n\t\t\t\t\t\t\t\t\t\t\t\t\t<\/div><!-- .elementskit-entry-header END -->\n\n\t\t\t\t\t\t<div class=\"elementskit-post-body \">\n\t\t\t\t\t\t\t\n\t\t\t\t\t\t\t\t\t\t\t\t\t\t\t\t\t\t\t\t\t\t\t\t\t\t\t\t\t\t\n\t\t\t\t\t\t\t\t\n\t\t\t\t\t\t\t\t\t\t\t\t\t\t\t\t\t\t\t\t\t<h2 class=\"entry-title\">\n\t\t\t\t\t<a href=\"https:\/\/www.fw-pfaffenhofen-glonn.de\/index.php\/2026\/04\/15\/fr\/\">\n\t\t\t\t\t\tFr\u00fchjahrs\u00fcbung\t\t\t\t\t<\/a>\n\t\t\t\t<\/h2>\n\t\t\t\t\t\t\t\t\t\t\t\t\t\t\t\t\t\t\t\t\t\t\t\t\t\t\t\t\t\t\t\t                                                            <div class=\"btn-wraper\">\n                                                                            <a class=\"elementskit-btn whitespace--normal\" id=\"\" href=\"https:\/\/www.fw-pfaffenhofen-glonn.de\/index.php\/2026\/04\/15\/fr\/\">\n                                            Weiterlesen                                            <i aria-hidden=\"true\" class=\"fas fa-angle-right\"><\/i>                                        <\/a>\n                                    \n                                                                    <\/div>\n                                                    <\/div><!-- .elementskit-post-body END -->\n                    <\/div>\n                \n            <\/div>\n                    <div class=\"col-lg-12 col-md-12\">\n\n                                    <div class=\"elementskit-post-image-card\">\n                        <div class=\"elementskit-entry-header\">\n                            \n                            \n\t\t\t\t\t\t\t\t\t\t\t\t\t<\/div><!-- .elementskit-entry-header END -->\n\n\t\t\t\t\t\t<div class=\"elementskit-post-body \">\n\t\t\t\t\t\t\t\n\t\t\t\t\t\t\t\t\t\t\t\t\t\t\t\t\t\t\t\t\t\t\t\t\t\t\t\t\t\t\n\t\t\t\t\t\t\t\t\n\t\t\t\t\t\t\t\t\t\t\t\t\t\t\t\t\t\t\t\t\t<h2 class=\"entry-title\">\n\t\t\t\t\t<a href=\"https:\/\/www.fw-pfaffenhofen-glonn.de\/index.php\/2026\/02\/07\/helferfest-31-januar\/\">\n\t\t\t\t\t\tHelferfest (31. Januar)\t\t\t\t\t<\/a>\n\t\t\t\t<\/h2>\n\t\t\t\t\t\t\t\t\t\t\t\t\t\t\t\t\t\t\t\t\t\t\t\t\t\t\t\t\t\t\t\t                                                            <div class=\"btn-wraper\">\n                                                                            <a class=\"elementskit-btn whitespace--normal\" id=\"\" href=\"https:\/\/www.fw-pfaffenhofen-glonn.de\/index.php\/2026\/02\/07\/helferfest-31-januar\/\">\n                                            Weiterlesen                                            <i aria-hidden=\"true\" class=\"fas fa-angle-right\"><\/i>                                        <\/a>\n                                    \n                                                                    <\/div>\n                                                    <\/div><!-- .elementskit-post-body END -->\n                    <\/div>\n                \n            <\/div>\n                <\/div>\n       <\/div>\t\t\t\t<\/div>\n\t\t\t\t<\/div>\n\t\t\t\t<div class=\"elementor-element elementor-element-37368845 elementor-align-center elementor-widget elementor-widget-button\" data-id=\"37368845\" data-element_type=\"widget\" data-e-type=\"widget\" data-widget_type=\"button.default\">\n\t\t\t\t<div class=\"elementor-widget-container\">\n\t\t\t\t\t\t\t\t\t<div class=\"elementor-button-wrapper\">\n\t\t\t\t\t<a class=\"elementor-button elementor-button-link elementor-size-md elementor-animation-grow\" href=\"https:\/\/www.fw-pfaffenhofen-glonn.de\/index.php\/aktuelles\/\">\n\t\t\t\t\t\t<span class=\"elementor-button-content-wrapper\">\n\t\t\t\t\t\t\t\t\t<span class=\"elementor-button-text\">Alle Beitr\u00e4ge<\/span>\n\t\t\t\t\t<\/span>\n\t\t\t\t\t<\/a>\n\t\t\t\t<\/div>\n\t\t\t\t\t\t\t\t<\/div>\n\t\t\t\t<\/div>\n\t\t\t\t\t<\/div>\n\t\t<\/div>\n\t\t\t\t\t<\/div>\n\t\t<\/section>\n\t\t\t\t<\/div>\n\t\t","protected":false},"excerpt":{"rendered":"<p>Brandschutz\u00fcbung im Kindergarten Am Dienstag, den 08.07.2025, haben sich extra ein paar Kameraden den Vormittag freigehalten, um bei einer besonderen Feuerwehr\u00fcbung teilzunehmen.\u00a0Alle 2 Jahre \u00fcben die Kinderh\u00e4user Pfaffenhofen und Egenburg mit ihren Kindern den Feueralarm. Was tun, wenn es brennt? Es raucht, es stinkt und vielleicht sieht man sogar Feuer. Der Hausalarm geht an und [&hellip;]<\/p>\n","protected":false},"author":3,"featured_media":0,"comment_status":"closed","ping_status":"open","sticky":false,"template":"","format":"standard","meta":{"iawp_total_views":132,"footnotes":""},"categories":[1],"tags":[],"class_list":["post-2732","post","type-post","status-publish","format-standard","hentry","category-uncategorized"],"yoast_head":"<!-- This site is optimized with the Yoast SEO plugin v27.5 - https:\/\/yoast.com\/product\/yoast-seo-wordpress\/ -->\n<title>Brandschutz\u00fcbung im Kindergarten - Freiwillige Feuerwehr Pfaffenhofen a. d. Glonn e.V.<\/title>\n<meta name=\"robots\" content=\"index, follow, max-snippet:-1, max-image-preview:large, max-video-preview:-1\" \/>\n<link rel=\"canonical\" href=\"https:\/\/www.fw-pfaffenhofen-glonn.de\/index.php\/2025\/07\/11\/brandschutzuebung-im-kindergarten\/\" \/>\n<meta property=\"og:locale\" content=\"de_DE\" \/>\n<meta property=\"og:type\" content=\"article\" \/>\n<meta property=\"og:title\" content=\"Brandschutz\u00fcbung im Kindergarten - Freiwillige Feuerwehr Pfaffenhofen a. d. Glonn e.V.\" \/>\n<meta property=\"og:description\" content=\"Brandschutz\u00fcbung im Kindergarten Am Dienstag, den 08.07.2025, haben sich extra ein paar Kameraden den Vormittag freigehalten, um bei einer besonderen Feuerwehr\u00fcbung teilzunehmen.\u00a0Alle 2 Jahre \u00fcben die Kinderh\u00e4user Pfaffenhofen und Egenburg mit ihren Kindern den Feueralarm. Was tun, wenn es brennt? Es raucht, es stinkt und vielleicht sieht man sogar Feuer. Der Hausalarm geht an und [&hellip;]\" \/>\n<meta property=\"og:url\" content=\"https:\/\/www.fw-pfaffenhofen-glonn.de\/index.php\/2025\/07\/11\/brandschutzuebung-im-kindergarten\/\" \/>\n<meta property=\"og:site_name\" content=\"Freiwillige Feuerwehr Pfaffenhofen a. d. Glonn e.V.\" \/>\n<meta property=\"article:published_time\" content=\"2025-07-11T15:25:11+00:00\" \/>\n<meta property=\"article:modified_time\" content=\"2025-07-11T16:45:39+00:00\" \/>\n<meta property=\"og:image\" content=\"https:\/\/www.fw-pfaffenhofen-glonn.de\/wp-content\/uploads\/2025\/07\/IMG-20250708-WA0088.jpg\" \/>\n\t<meta property=\"og:image:width\" content=\"2040\" \/>\n\t<meta property=\"og:image:height\" content=\"1530\" \/>\n\t<meta property=\"og:image:type\" content=\"image\/jpeg\" \/>\n<meta name=\"author\" content=\"Rene Knopp\" \/>\n<meta name=\"twitter:card\" content=\"summary_large_image\" \/>\n<meta name=\"twitter:label1\" content=\"Verfasst von\" \/>\n\t<meta name=\"twitter:data1\" content=\"Rene Knopp\" \/>\n\t<meta name=\"twitter:label2\" content=\"Gesch\u00e4tzte Lesezeit\" \/>\n\t<meta name=\"twitter:data2\" content=\"4\u00a0Minuten\" \/>\n<script type=\"application\/ld+json\" class=\"yoast-schema-graph\">{\"@context\":\"https:\\\/\\\/schema.org\",\"@graph\":[{\"@type\":\"Article\",\"@id\":\"https:\\\/\\\/www.fw-pfaffenhofen-glonn.de\\\/index.php\\\/2025\\\/07\\\/11\\\/brandschutzuebung-im-kindergarten\\\/#article\",\"isPartOf\":{\"@id\":\"https:\\\/\\\/www.fw-pfaffenhofen-glonn.de\\\/index.php\\\/2025\\\/07\\\/11\\\/brandschutzuebung-im-kindergarten\\\/\"},\"author\":{\"name\":\"Rene Knopp\",\"@id\":\"https:\\\/\\\/www.fw-pfaffenhofen-glonn.de\\\/#\\\/schema\\\/person\\\/ec82cc592093d991c604a4c2e29040de\"},\"headline\":\"Brandschutz\u00fcbung im Kindergarten\",\"datePublished\":\"2025-07-11T15:25:11+00:00\",\"dateModified\":\"2025-07-11T16:45:39+00:00\",\"mainEntityOfPage\":{\"@id\":\"https:\\\/\\\/www.fw-pfaffenhofen-glonn.de\\\/index.php\\\/2025\\\/07\\\/11\\\/brandschutzuebung-im-kindergarten\\\/\"},\"wordCount\":414,\"publisher\":{\"@id\":\"https:\\\/\\\/www.fw-pfaffenhofen-glonn.de\\\/#organization\"},\"image\":{\"@id\":\"https:\\\/\\\/www.fw-pfaffenhofen-glonn.de\\\/index.php\\\/2025\\\/07\\\/11\\\/brandschutzuebung-im-kindergarten\\\/#primaryimage\"},\"thumbnailUrl\":\"https:\\\/\\\/www.fw-pfaffenhofen-glonn.de\\\/wp-content\\\/uploads\\\/2025\\\/07\\\/IMG-20250708-WA0088-1024x768.jpg\",\"articleSection\":[\"Uncategorized\"],\"inLanguage\":\"de\"},{\"@type\":\"WebPage\",\"@id\":\"https:\\\/\\\/www.fw-pfaffenhofen-glonn.de\\\/index.php\\\/2025\\\/07\\\/11\\\/brandschutzuebung-im-kindergarten\\\/\",\"url\":\"https:\\\/\\\/www.fw-pfaffenhofen-glonn.de\\\/index.php\\\/2025\\\/07\\\/11\\\/brandschutzuebung-im-kindergarten\\\/\",\"name\":\"Brandschutz\u00fcbung im Kindergarten - Freiwillige Feuerwehr Pfaffenhofen a. d. Glonn e.V.\",\"isPartOf\":{\"@id\":\"https:\\\/\\\/www.fw-pfaffenhofen-glonn.de\\\/#website\"},\"primaryImageOfPage\":{\"@id\":\"https:\\\/\\\/www.fw-pfaffenhofen-glonn.de\\\/index.php\\\/2025\\\/07\\\/11\\\/brandschutzuebung-im-kindergarten\\\/#primaryimage\"},\"image\":{\"@id\":\"https:\\\/\\\/www.fw-pfaffenhofen-glonn.de\\\/index.php\\\/2025\\\/07\\\/11\\\/brandschutzuebung-im-kindergarten\\\/#primaryimage\"},\"thumbnailUrl\":\"https:\\\/\\\/www.fw-pfaffenhofen-glonn.de\\\/wp-content\\\/uploads\\\/2025\\\/07\\\/IMG-20250708-WA0088-1024x768.jpg\",\"datePublished\":\"2025-07-11T15:25:11+00:00\",\"dateModified\":\"2025-07-11T16:45:39+00:00\",\"breadcrumb\":{\"@id\":\"https:\\\/\\\/www.fw-pfaffenhofen-glonn.de\\\/index.php\\\/2025\\\/07\\\/11\\\/brandschutzuebung-im-kindergarten\\\/#breadcrumb\"},\"inLanguage\":\"de\",\"potentialAction\":[{\"@type\":\"ReadAction\",\"target\":[\"https:\\\/\\\/www.fw-pfaffenhofen-glonn.de\\\/index.php\\\/2025\\\/07\\\/11\\\/brandschutzuebung-im-kindergarten\\\/\"]}]},{\"@type\":\"ImageObject\",\"inLanguage\":\"de\",\"@id\":\"https:\\\/\\\/www.fw-pfaffenhofen-glonn.de\\\/index.php\\\/2025\\\/07\\\/11\\\/brandschutzuebung-im-kindergarten\\\/#primaryimage\",\"url\":\"https:\\\/\\\/www.fw-pfaffenhofen-glonn.de\\\/wp-content\\\/uploads\\\/2025\\\/07\\\/IMG-20250708-WA0088.jpg\",\"contentUrl\":\"https:\\\/\\\/www.fw-pfaffenhofen-glonn.de\\\/wp-content\\\/uploads\\\/2025\\\/07\\\/IMG-20250708-WA0088.jpg\",\"width\":2040,\"height\":1530},{\"@type\":\"BreadcrumbList\",\"@id\":\"https:\\\/\\\/www.fw-pfaffenhofen-glonn.de\\\/index.php\\\/2025\\\/07\\\/11\\\/brandschutzuebung-im-kindergarten\\\/#breadcrumb\",\"itemListElement\":[{\"@type\":\"ListItem\",\"position\":1,\"name\":\"Startseite\",\"item\":\"https:\\\/\\\/www.fw-pfaffenhofen-glonn.de\\\/\"},{\"@type\":\"ListItem\",\"position\":2,\"name\":\"Brandschutz\u00fcbung im Kindergarten\"}]},{\"@type\":\"WebSite\",\"@id\":\"https:\\\/\\\/www.fw-pfaffenhofen-glonn.de\\\/#website\",\"url\":\"https:\\\/\\\/www.fw-pfaffenhofen-glonn.de\\\/\",\"name\":\"Freiwillige Feuerwehr Pfaffenhofen a. d. Glonn e.V.\",\"description\":\"\",\"publisher\":{\"@id\":\"https:\\\/\\\/www.fw-pfaffenhofen-glonn.de\\\/#organization\"},\"potentialAction\":[{\"@type\":\"SearchAction\",\"target\":{\"@type\":\"EntryPoint\",\"urlTemplate\":\"https:\\\/\\\/www.fw-pfaffenhofen-glonn.de\\\/?s={search_term_string}\"},\"query-input\":{\"@type\":\"PropertyValueSpecification\",\"valueRequired\":true,\"valueName\":\"search_term_string\"}}],\"inLanguage\":\"de\"},{\"@type\":\"Organization\",\"@id\":\"https:\\\/\\\/www.fw-pfaffenhofen-glonn.de\\\/#organization\",\"name\":\"Freiwillige Feuerwehr Pfaffenhofen a. d. Glonn e.V.\",\"url\":\"https:\\\/\\\/www.fw-pfaffenhofen-glonn.de\\\/\",\"logo\":{\"@type\":\"ImageObject\",\"inLanguage\":\"de\",\"@id\":\"https:\\\/\\\/www.fw-pfaffenhofen-glonn.de\\\/#\\\/schema\\\/logo\\\/image\\\/\",\"url\":\"https:\\\/\\\/www.fw-pfaffenhofen-glonn.de\\\/wp-content\\\/uploads\\\/2023\\\/06\\\/Feuerwehr-Pfaffenhofen-Logo-invertiert-header-2.png\",\"contentUrl\":\"https:\\\/\\\/www.fw-pfaffenhofen-glonn.de\\\/wp-content\\\/uploads\\\/2023\\\/06\\\/Feuerwehr-Pfaffenhofen-Logo-invertiert-header-2.png\",\"width\":1077,\"height\":500,\"caption\":\"Freiwillige Feuerwehr Pfaffenhofen a. d. Glonn e.V.\"},\"image\":{\"@id\":\"https:\\\/\\\/www.fw-pfaffenhofen-glonn.de\\\/#\\\/schema\\\/logo\\\/image\\\/\"}},{\"@type\":\"Person\",\"@id\":\"https:\\\/\\\/www.fw-pfaffenhofen-glonn.de\\\/#\\\/schema\\\/person\\\/ec82cc592093d991c604a4c2e29040de\",\"name\":\"Rene Knopp\",\"image\":{\"@type\":\"ImageObject\",\"inLanguage\":\"de\",\"@id\":\"https:\\\/\\\/secure.gravatar.com\\\/avatar\\\/183c759e5d681a4504c09b43d7455e9bc3aeda293d8d2474630df4120940822a?s=96&d=mm&r=g\",\"url\":\"https:\\\/\\\/secure.gravatar.com\\\/avatar\\\/183c759e5d681a4504c09b43d7455e9bc3aeda293d8d2474630df4120940822a?s=96&d=mm&r=g\",\"contentUrl\":\"https:\\\/\\\/secure.gravatar.com\\\/avatar\\\/183c759e5d681a4504c09b43d7455e9bc3aeda293d8d2474630df4120940822a?s=96&d=mm&r=g\",\"caption\":\"Rene Knopp\"}}]}<\/script>\n<!-- \/ Yoast SEO plugin. -->","yoast_head_json":{"title":"Brandschutz\u00fcbung im Kindergarten - Freiwillige Feuerwehr Pfaffenhofen a. d. Glonn e.V.","robots":{"index":"index","follow":"follow","max-snippet":"max-snippet:-1","max-image-preview":"max-image-preview:large","max-video-preview":"max-video-preview:-1"},"canonical":"https:\/\/www.fw-pfaffenhofen-glonn.de\/index.php\/2025\/07\/11\/brandschutzuebung-im-kindergarten\/","og_locale":"de_DE","og_type":"article","og_title":"Brandschutz\u00fcbung im Kindergarten - Freiwillige Feuerwehr Pfaffenhofen a. d. Glonn e.V.","og_description":"Brandschutz\u00fcbung im Kindergarten Am Dienstag, den 08.07.2025, haben sich extra ein paar Kameraden den Vormittag freigehalten, um bei einer besonderen Feuerwehr\u00fcbung teilzunehmen.\u00a0Alle 2 Jahre \u00fcben die Kinderh\u00e4user Pfaffenhofen und Egenburg mit ihren Kindern den Feueralarm. Was tun, wenn es brennt? Es raucht, es stinkt und vielleicht sieht man sogar Feuer. Der Hausalarm geht an und [&hellip;]","og_url":"https:\/\/www.fw-pfaffenhofen-glonn.de\/index.php\/2025\/07\/11\/brandschutzuebung-im-kindergarten\/","og_site_name":"Freiwillige Feuerwehr Pfaffenhofen a. d. Glonn e.V.","article_published_time":"2025-07-11T15:25:11+00:00","article_modified_time":"2025-07-11T16:45:39+00:00","og_image":[{"width":2040,"height":1530,"url":"https:\/\/www.fw-pfaffenhofen-glonn.de\/wp-content\/uploads\/2025\/07\/IMG-20250708-WA0088.jpg","type":"image\/jpeg"}],"author":"Rene Knopp","twitter_card":"summary_large_image","twitter_misc":{"Verfasst von":"Rene Knopp","Gesch\u00e4tzte Lesezeit":"4\u00a0Minuten"},"schema":{"@context":"https:\/\/schema.org","@graph":[{"@type":"Article","@id":"https:\/\/www.fw-pfaffenhofen-glonn.de\/index.php\/2025\/07\/11\/brandschutzuebung-im-kindergarten\/#article","isPartOf":{"@id":"https:\/\/www.fw-pfaffenhofen-glonn.de\/index.php\/2025\/07\/11\/brandschutzuebung-im-kindergarten\/"},"author":{"name":"Rene Knopp","@id":"https:\/\/www.fw-pfaffenhofen-glonn.de\/#\/schema\/person\/ec82cc592093d991c604a4c2e29040de"},"headline":"Brandschutz\u00fcbung im Kindergarten","datePublished":"2025-07-11T15:25:11+00:00","dateModified":"2025-07-11T16:45:39+00:00","mainEntityOfPage":{"@id":"https:\/\/www.fw-pfaffenhofen-glonn.de\/index.php\/2025\/07\/11\/brandschutzuebung-im-kindergarten\/"},"wordCount":414,"publisher":{"@id":"https:\/\/www.fw-pfaffenhofen-glonn.de\/#organization"},"image":{"@id":"https:\/\/www.fw-pfaffenhofen-glonn.de\/index.php\/2025\/07\/11\/brandschutzuebung-im-kindergarten\/#primaryimage"},"thumbnailUrl":"https:\/\/www.fw-pfaffenhofen-glonn.de\/wp-content\/uploads\/2025\/07\/IMG-20250708-WA0088-1024x768.jpg","articleSection":["Uncategorized"],"inLanguage":"de"},{"@type":"WebPage","@id":"https:\/\/www.fw-pfaffenhofen-glonn.de\/index.php\/2025\/07\/11\/brandschutzuebung-im-kindergarten\/","url":"https:\/\/www.fw-pfaffenhofen-glonn.de\/index.php\/2025\/07\/11\/brandschutzuebung-im-kindergarten\/","name":"Brandschutz\u00fcbung im Kindergarten - Freiwillige Feuerwehr Pfaffenhofen a. d. Glonn e.V.","isPartOf":{"@id":"https:\/\/www.fw-pfaffenhofen-glonn.de\/#website"},"primaryImageOfPage":{"@id":"https:\/\/www.fw-pfaffenhofen-glonn.de\/index.php\/2025\/07\/11\/brandschutzuebung-im-kindergarten\/#primaryimage"},"image":{"@id":"https:\/\/www.fw-pfaffenhofen-glonn.de\/index.php\/2025\/07\/11\/brandschutzuebung-im-kindergarten\/#primaryimage"},"thumbnailUrl":"https:\/\/www.fw-pfaffenhofen-glonn.de\/wp-content\/uploads\/2025\/07\/IMG-20250708-WA0088-1024x768.jpg","datePublished":"2025-07-11T15:25:11+00:00","dateModified":"2025-07-11T16:45:39+00:00","breadcrumb":{"@id":"https:\/\/www.fw-pfaffenhofen-glonn.de\/index.php\/2025\/07\/11\/brandschutzuebung-im-kindergarten\/#breadcrumb"},"inLanguage":"de","potentialAction":[{"@type":"ReadAction","target":["https:\/\/www.fw-pfaffenhofen-glonn.de\/index.php\/2025\/07\/11\/brandschutzuebung-im-kindergarten\/"]}]},{"@type":"ImageObject","inLanguage":"de","@id":"https:\/\/www.fw-pfaffenhofen-glonn.de\/index.php\/2025\/07\/11\/brandschutzuebung-im-kindergarten\/#primaryimage","url":"https:\/\/www.fw-pfaffenhofen-glonn.de\/wp-content\/uploads\/2025\/07\/IMG-20250708-WA0088.jpg","contentUrl":"https:\/\/www.fw-pfaffenhofen-glonn.de\/wp-content\/uploads\/2025\/07\/IMG-20250708-WA0088.jpg","width":2040,"height":1530},{"@type":"BreadcrumbList","@id":"https:\/\/www.fw-pfaffenhofen-glonn.de\/index.php\/2025\/07\/11\/brandschutzuebung-im-kindergarten\/#breadcrumb","itemListElement":[{"@type":"ListItem","position":1,"name":"Startseite","item":"https:\/\/www.fw-pfaffenhofen-glonn.de\/"},{"@type":"ListItem","position":2,"name":"Brandschutz\u00fcbung im Kindergarten"}]},{"@type":"WebSite","@id":"https:\/\/www.fw-pfaffenhofen-glonn.de\/#website","url":"https:\/\/www.fw-pfaffenhofen-glonn.de\/","name":"Freiwillige Feuerwehr Pfaffenhofen a. d. Glonn e.V.","description":"","publisher":{"@id":"https:\/\/www.fw-pfaffenhofen-glonn.de\/#organization"},"potentialAction":[{"@type":"SearchAction","target":{"@type":"EntryPoint","urlTemplate":"https:\/\/www.fw-pfaffenhofen-glonn.de\/?s={search_term_string}"},"query-input":{"@type":"PropertyValueSpecification","valueRequired":true,"valueName":"search_term_string"}}],"inLanguage":"de"},{"@type":"Organization","@id":"https:\/\/www.fw-pfaffenhofen-glonn.de\/#organization","name":"Freiwillige Feuerwehr Pfaffenhofen a. d. Glonn e.V.","url":"https:\/\/www.fw-pfaffenhofen-glonn.de\/","logo":{"@type":"ImageObject","inLanguage":"de","@id":"https:\/\/www.fw-pfaffenhofen-glonn.de\/#\/schema\/logo\/image\/","url":"https:\/\/www.fw-pfaffenhofen-glonn.de\/wp-content\/uploads\/2023\/06\/Feuerwehr-Pfaffenhofen-Logo-invertiert-header-2.png","contentUrl":"https:\/\/www.fw-pfaffenhofen-glonn.de\/wp-content\/uploads\/2023\/06\/Feuerwehr-Pfaffenhofen-Logo-invertiert-header-2.png","width":1077,"height":500,"caption":"Freiwillige Feuerwehr Pfaffenhofen a. d. Glonn e.V."},"image":{"@id":"https:\/\/www.fw-pfaffenhofen-glonn.de\/#\/schema\/logo\/image\/"}},{"@type":"Person","@id":"https:\/\/www.fw-pfaffenhofen-glonn.de\/#\/schema\/person\/ec82cc592093d991c604a4c2e29040de","name":"Rene Knopp","image":{"@type":"ImageObject","inLanguage":"de","@id":"https:\/\/secure.gravatar.com\/avatar\/183c759e5d681a4504c09b43d7455e9bc3aeda293d8d2474630df4120940822a?s=96&d=mm&r=g","url":"https:\/\/secure.gravatar.com\/avatar\/183c759e5d681a4504c09b43d7455e9bc3aeda293d8d2474630df4120940822a?s=96&d=mm&r=g","contentUrl":"https:\/\/secure.gravatar.com\/avatar\/183c759e5d681a4504c09b43d7455e9bc3aeda293d8d2474630df4120940822a?s=96&d=mm&r=g","caption":"Rene Knopp"}}]}},"_links":{"self":[{"href":"https:\/\/www.fw-pfaffenhofen-glonn.de\/index.php\/wp-json\/wp\/v2\/posts\/2732","targetHints":{"allow":["GET"]}}],"collection":[{"href":"https:\/\/www.fw-pfaffenhofen-glonn.de\/index.php\/wp-json\/wp\/v2\/posts"}],"about":[{"href":"https:\/\/www.fw-pfaffenhofen-glonn.de\/index.php\/wp-json\/wp\/v2\/types\/post"}],"author":[{"embeddable":true,"href":"https:\/\/www.fw-pfaffenhofen-glonn.de\/index.php\/wp-json\/wp\/v2\/users\/3"}],"replies":[{"embeddable":true,"href":"https:\/\/www.fw-pfaffenhofen-glonn.de\/index.php\/wp-json\/wp\/v2\/comments?post=2732"}],"version-history":[{"count":6,"href":"https:\/\/www.fw-pfaffenhofen-glonn.de\/index.php\/wp-json\/wp\/v2\/posts\/2732\/revisions"}],"predecessor-version":[{"id":2749,"href":"https:\/\/www.fw-pfaffenhofen-glonn.de\/index.php\/wp-json\/wp\/v2\/posts\/2732\/revisions\/2749"}],"wp:attachment":[{"href":"https:\/\/www.fw-pfaffenhofen-glonn.de\/index.php\/wp-json\/wp\/v2\/media?parent=2732"}],"wp:term":[{"taxonomy":"category","embeddable":true,"href":"https:\/\/www.fw-pfaffenhofen-glonn.de\/index.php\/wp-json\/wp\/v2\/categories?post=2732"},{"taxonomy":"post_tag","embeddable":true,"href":"https:\/\/www.fw-pfaffenhofen-glonn.de\/index.php\/wp-json\/wp\/v2\/tags?post=2732"}],"curies":[{"name":"wp","href":"https:\/\/api.w.org\/{rel}","templated":true}]}}