{"id":3039,"date":"2026-04-27T21:16:23","date_gmt":"2026-04-27T19:16:23","guid":{"rendered":"https:\/\/www.fw-pfaffenhofen-glonn.de\/?p=3039"},"modified":"2026-04-27T21:25:21","modified_gmt":"2026-04-27T19:25:21","slug":"wir-feiern-die-kinderflamme-und-ein-jahr-kinderfeuerwehr","status":"publish","type":"post","link":"https:\/\/www.fw-pfaffenhofen-glonn.de\/index.php\/2026\/04\/27\/wir-feiern-die-kinderflamme-und-ein-jahr-kinderfeuerwehr\/","title":{"rendered":"Wir feiern die Kinderflamme und ein Jahr Kinderfeuerwehr"},"content":{"rendered":"\t\t<div data-elementor-type=\"wp-post\" data-elementor-id=\"3039\" class=\"elementor elementor-3039\">\n\t\t\t\t\t\t<section class=\"elementor-section elementor-top-section elementor-element elementor-element-220538c elementor-section-boxed elementor-section-height-default elementor-section-height-default\" data-id=\"220538c\" data-element_type=\"section\" data-e-type=\"section\" data-settings=\"{&quot;background_background&quot;:&quot;classic&quot;}\">\n\t\t\t\t\t\t<div class=\"elementor-container elementor-column-gap-default\">\n\t\t\t\t\t<div class=\"elementor-column elementor-col-50 elementor-top-column elementor-element elementor-element-2db63fb\" data-id=\"2db63fb\" data-element_type=\"column\" data-e-type=\"column\">\n\t\t\t<div class=\"elementor-widget-wrap elementor-element-populated\">\n\t\t\t\t\t\t<div class=\"elementor-element elementor-element-2d7e3e6f elementor-widget elementor-widget-heading\" data-id=\"2d7e3e6f\" data-element_type=\"widget\" data-e-type=\"widget\" data-widget_type=\"heading.default\">\n\t\t\t\t<div class=\"elementor-widget-container\">\n\t\t\t\t\t<h1 class=\"elementor-heading-title elementor-size-default\">Wir feiern die Kinderflamme und ein Jahr Kinderfeuerwehr<\/h1>\t\t\t\t<\/div>\n\t\t\t\t<\/div>\n\t\t\t\t<section class=\"elementor-section elementor-inner-section elementor-element elementor-element-308cb043 elementor-section-boxed elementor-section-height-default elementor-section-height-default\" data-id=\"308cb043\" data-element_type=\"section\" data-e-type=\"section\">\n\t\t\t\t\t\t<div class=\"elementor-container elementor-column-gap-default\">\n\t\t\t\t\t<div class=\"elementor-column elementor-col-50 elementor-inner-column elementor-element elementor-element-2a91c99a\" data-id=\"2a91c99a\" data-element_type=\"column\" data-e-type=\"column\">\n\t\t\t<div class=\"elementor-widget-wrap elementor-element-populated\">\n\t\t\t\t\t\t<div class=\"elementor-element elementor-element-4e986a2e elementor-widget elementor-widget-image\" data-id=\"4e986a2e\" data-element_type=\"widget\" data-e-type=\"widget\" data-widget_type=\"image.default\">\n\t\t\t\t<div class=\"elementor-widget-container\">\n\t\t\t\t\t\t\t\t\t\t\t\t\t\t\t<img fetchpriority=\"high\" decoding=\"async\" width=\"768\" height=\"1024\" src=\"https:\/\/www.fw-pfaffenhofen-glonn.de\/wp-content\/uploads\/2026\/04\/PHOTO-2026-04-25-15-52-04-5-768x1024.jpg\" class=\"attachment-large size-large wp-image-3054\" alt=\"\" srcset=\"https:\/\/www.fw-pfaffenhofen-glonn.de\/wp-content\/uploads\/2026\/04\/PHOTO-2026-04-25-15-52-04-5-768x1024.jpg 768w, https:\/\/www.fw-pfaffenhofen-glonn.de\/wp-content\/uploads\/2026\/04\/PHOTO-2026-04-25-15-52-04-5-225x300.jpg 225w, https:\/\/www.fw-pfaffenhofen-glonn.de\/wp-content\/uploads\/2026\/04\/PHOTO-2026-04-25-15-52-04-5-1152x1536.jpg 1152w, https:\/\/www.fw-pfaffenhofen-glonn.de\/wp-content\/uploads\/2026\/04\/PHOTO-2026-04-25-15-52-04-5.jpg 1200w\" sizes=\"(max-width: 768px) 100vw, 768px\" \/>\t\t\t\t\t\t\t\t\t\t\t\t\t\t\t<\/div>\n\t\t\t\t<\/div>\n\t\t\t\t<div class=\"elementor-element elementor-element-7ff730af elementor-widget elementor-widget-image\" data-id=\"7ff730af\" data-element_type=\"widget\" data-e-type=\"widget\" data-widget_type=\"image.default\">\n\t\t\t\t<div class=\"elementor-widget-container\">\n\t\t\t\t\t\t\t\t\t\t\t\t\t\t\t<img decoding=\"async\" width=\"768\" height=\"1024\" src=\"https:\/\/www.fw-pfaffenhofen-glonn.de\/wp-content\/uploads\/2026\/04\/PHOTO-2026-04-25-15-52-02-11-768x1024.jpg\" class=\"attachment-large size-large wp-image-3049\" alt=\"\" srcset=\"https:\/\/www.fw-pfaffenhofen-glonn.de\/wp-content\/uploads\/2026\/04\/PHOTO-2026-04-25-15-52-02-11-768x1024.jpg 768w, https:\/\/www.fw-pfaffenhofen-glonn.de\/wp-content\/uploads\/2026\/04\/PHOTO-2026-04-25-15-52-02-11-225x300.jpg 225w, https:\/\/www.fw-pfaffenhofen-glonn.de\/wp-content\/uploads\/2026\/04\/PHOTO-2026-04-25-15-52-02-11-1152x1536.jpg 1152w, https:\/\/www.fw-pfaffenhofen-glonn.de\/wp-content\/uploads\/2026\/04\/PHOTO-2026-04-25-15-52-02-11.jpg 1200w\" sizes=\"(max-width: 768px) 100vw, 768px\" \/>\t\t\t\t\t\t\t\t\t\t\t\t\t\t\t<\/div>\n\t\t\t\t<\/div>\n\t\t\t\t<div class=\"elementor-element elementor-element-6784b32c elementor-widget elementor-widget-image\" data-id=\"6784b32c\" data-element_type=\"widget\" data-e-type=\"widget\" data-widget_type=\"image.default\">\n\t\t\t\t<div class=\"elementor-widget-container\">\n\t\t\t\t\t\t\t\t\t\t\t\t\t\t\t<img decoding=\"async\" width=\"768\" height=\"1024\" src=\"https:\/\/www.fw-pfaffenhofen-glonn.de\/wp-content\/uploads\/2026\/04\/PHOTO-2026-04-25-15-52-04-2-768x1024.jpg\" class=\"attachment-large size-large wp-image-3045\" alt=\"\" srcset=\"https:\/\/www.fw-pfaffenhofen-glonn.de\/wp-content\/uploads\/2026\/04\/PHOTO-2026-04-25-15-52-04-2-768x1024.jpg 768w, https:\/\/www.fw-pfaffenhofen-glonn.de\/wp-content\/uploads\/2026\/04\/PHOTO-2026-04-25-15-52-04-2-225x300.jpg 225w, https:\/\/www.fw-pfaffenhofen-glonn.de\/wp-content\/uploads\/2026\/04\/PHOTO-2026-04-25-15-52-04-2-1152x1536.jpg 1152w, https:\/\/www.fw-pfaffenhofen-glonn.de\/wp-content\/uploads\/2026\/04\/PHOTO-2026-04-25-15-52-04-2.jpg 1200w\" sizes=\"(max-width: 768px) 100vw, 768px\" \/>\t\t\t\t\t\t\t\t\t\t\t\t\t\t\t<\/div>\n\t\t\t\t<\/div>\n\t\t\t\t<div class=\"elementor-element elementor-element-1aac442d elementor-widget elementor-widget-image\" data-id=\"1aac442d\" data-element_type=\"widget\" data-e-type=\"widget\" data-widget_type=\"image.default\">\n\t\t\t\t<div class=\"elementor-widget-container\">\n\t\t\t\t\t\t\t\t\t\t\t\t\t\t\t<img loading=\"lazy\" decoding=\"async\" width=\"800\" height=\"531\" src=\"https:\/\/www.fw-pfaffenhofen-glonn.de\/wp-content\/uploads\/2026\/04\/PHOTO-2026-04-25-20-41-40-5-1024x680.jpg\" class=\"attachment-large size-large wp-image-3043\" alt=\"\" srcset=\"https:\/\/www.fw-pfaffenhofen-glonn.de\/wp-content\/uploads\/2026\/04\/PHOTO-2026-04-25-20-41-40-5-1024x680.jpg 1024w, https:\/\/www.fw-pfaffenhofen-glonn.de\/wp-content\/uploads\/2026\/04\/PHOTO-2026-04-25-20-41-40-5-300x199.jpg 300w, https:\/\/www.fw-pfaffenhofen-glonn.de\/wp-content\/uploads\/2026\/04\/PHOTO-2026-04-25-20-41-40-5-768x510.jpg 768w, https:\/\/www.fw-pfaffenhofen-glonn.de\/wp-content\/uploads\/2026\/04\/PHOTO-2026-04-25-20-41-40-5-1536x1020.jpg 1536w, https:\/\/www.fw-pfaffenhofen-glonn.de\/wp-content\/uploads\/2026\/04\/PHOTO-2026-04-25-20-41-40-5.jpg 1600w\" sizes=\"(max-width: 800px) 100vw, 800px\" \/>\t\t\t\t\t\t\t\t\t\t\t\t\t\t\t<\/div>\n\t\t\t\t<\/div>\n\t\t\t\t<div class=\"elementor-element elementor-element-8bc75f4 elementor-widget elementor-widget-image\" data-id=\"8bc75f4\" data-element_type=\"widget\" data-e-type=\"widget\" data-widget_type=\"image.default\">\n\t\t\t\t<div class=\"elementor-widget-container\">\n\t\t\t\t\t\t\t\t\t\t\t\t\t\t\t<img loading=\"lazy\" decoding=\"async\" width=\"800\" height=\"531\" src=\"https:\/\/www.fw-pfaffenhofen-glonn.de\/wp-content\/uploads\/2026\/04\/PHOTO-2026-04-25-20-41-41-4-1024x680.jpg\" class=\"attachment-large size-large wp-image-3042\" alt=\"\" srcset=\"https:\/\/www.fw-pfaffenhofen-glonn.de\/wp-content\/uploads\/2026\/04\/PHOTO-2026-04-25-20-41-41-4-1024x680.jpg 1024w, https:\/\/www.fw-pfaffenhofen-glonn.de\/wp-content\/uploads\/2026\/04\/PHOTO-2026-04-25-20-41-41-4-300x199.jpg 300w, https:\/\/www.fw-pfaffenhofen-glonn.de\/wp-content\/uploads\/2026\/04\/PHOTO-2026-04-25-20-41-41-4-768x510.jpg 768w, https:\/\/www.fw-pfaffenhofen-glonn.de\/wp-content\/uploads\/2026\/04\/PHOTO-2026-04-25-20-41-41-4-1536x1020.jpg 1536w, https:\/\/www.fw-pfaffenhofen-glonn.de\/wp-content\/uploads\/2026\/04\/PHOTO-2026-04-25-20-41-41-4.jpg 1600w\" sizes=\"(max-width: 800px) 100vw, 800px\" \/>\t\t\t\t\t\t\t\t\t\t\t\t\t\t\t<\/div>\n\t\t\t\t<\/div>\n\t\t\t\t<div class=\"elementor-element elementor-element-320d7f0 elementor-widget elementor-widget-image\" data-id=\"320d7f0\" data-element_type=\"widget\" data-e-type=\"widget\" data-widget_type=\"image.default\">\n\t\t\t\t<div class=\"elementor-widget-container\">\n\t\t\t\t\t\t\t\t\t\t\t\t\t\t\t<img loading=\"lazy\" decoding=\"async\" width=\"768\" height=\"1024\" src=\"https:\/\/www.fw-pfaffenhofen-glonn.de\/wp-content\/uploads\/2026\/04\/PHOTO-2026-04-25-15-52-02-9-768x1024.jpg\" class=\"attachment-large size-large wp-image-3055\" alt=\"\" srcset=\"https:\/\/www.fw-pfaffenhofen-glonn.de\/wp-content\/uploads\/2026\/04\/PHOTO-2026-04-25-15-52-02-9-768x1024.jpg 768w, https:\/\/www.fw-pfaffenhofen-glonn.de\/wp-content\/uploads\/2026\/04\/PHOTO-2026-04-25-15-52-02-9-225x300.jpg 225w, https:\/\/www.fw-pfaffenhofen-glonn.de\/wp-content\/uploads\/2026\/04\/PHOTO-2026-04-25-15-52-02-9-1152x1536.jpg 1152w, https:\/\/www.fw-pfaffenhofen-glonn.de\/wp-content\/uploads\/2026\/04\/PHOTO-2026-04-25-15-52-02-9.jpg 1200w\" sizes=\"(max-width: 768px) 100vw, 768px\" \/>\t\t\t\t\t\t\t\t\t\t\t\t\t\t\t<\/div>\n\t\t\t\t<\/div>\n\t\t\t\t<div class=\"elementor-element elementor-element-5857ff7 elementor-widget elementor-widget-image\" data-id=\"5857ff7\" data-element_type=\"widget\" data-e-type=\"widget\" data-widget_type=\"image.default\">\n\t\t\t\t<div class=\"elementor-widget-container\">\n\t\t\t\t\t\t\t\t\t\t\t\t\t\t\t<img loading=\"lazy\" decoding=\"async\" width=\"768\" height=\"1024\" src=\"https:\/\/www.fw-pfaffenhofen-glonn.de\/wp-content\/uploads\/2026\/04\/PHOTO-2026-04-25-15-50-57-768x1024.jpg\" class=\"attachment-large size-large wp-image-3046\" alt=\"\" srcset=\"https:\/\/www.fw-pfaffenhofen-glonn.de\/wp-content\/uploads\/2026\/04\/PHOTO-2026-04-25-15-50-57-768x1024.jpg 768w, https:\/\/www.fw-pfaffenhofen-glonn.de\/wp-content\/uploads\/2026\/04\/PHOTO-2026-04-25-15-50-57-225x300.jpg 225w, https:\/\/www.fw-pfaffenhofen-glonn.de\/wp-content\/uploads\/2026\/04\/PHOTO-2026-04-25-15-50-57-1152x1536.jpg 1152w, https:\/\/www.fw-pfaffenhofen-glonn.de\/wp-content\/uploads\/2026\/04\/PHOTO-2026-04-25-15-50-57.jpg 1200w\" sizes=\"(max-width: 768px) 100vw, 768px\" \/>\t\t\t\t\t\t\t\t\t\t\t\t\t\t\t<\/div>\n\t\t\t\t<\/div>\n\t\t\t\t\t<\/div>\n\t\t<\/div>\n\t\t\t\t<div class=\"elementor-column elementor-col-50 elementor-inner-column elementor-element elementor-element-3306d35e\" data-id=\"3306d35e\" data-element_type=\"column\" data-e-type=\"column\">\n\t\t\t<div class=\"elementor-widget-wrap elementor-element-populated\">\n\t\t\t\t\t\t<div class=\"elementor-element elementor-element-787a86b6 elementor-widget elementor-widget-text-editor\" data-id=\"787a86b6\" data-element_type=\"widget\" data-e-type=\"widget\" data-widget_type=\"text-editor.default\">\n\t\t\t\t<div class=\"elementor-widget-container\">\n\t\t\t\t\t\t\t\t\t<p style=\"font-weight: 400;\">Nun ist es bereits ein Jahr her seit der Gr\u00fcndung unserer Kinderfeuerwehr \u201eFeuerf\u00fcchse Pfaffenhofen an der Glonn\u201c. An 6 Samstagen haben alle Kids viel \u00fcber Brandschutz, Aufgaben der Feuerwehr, Erste Hilfe und nat\u00fcrlich Teamgeist gelernt. Spiel und Spa\u00df kamen hier nie zu kurz und dank der helfenden H\u00e4nde der Eltern, auch immer ein leckeres gemeinsames Mittagessen.<\/p><p style=\"font-weight: 400;\">Der nicht abrei\u00dfende Andrang auf der Warteliste der Feuerf\u00fcchse best\u00e4tigt uns in unserer Arbeit. Um mehr Kindern die Chance zu geben, an der Kinderfeuerwehr teilzunehmen, werden wir daher ab Juni von 20 auf 25 Kinder wachsen und k\u00f6nnen mittlerweile ein stattliches Betreuerteam von 7 Helfern vorweisen.<\/p><p style=\"font-weight: 400;\">Zum einj\u00e4hrigen Bestehen unserer Feuerf\u00fcchse haben wir uns au\u00dferdem etwas ganz besonderes Vorgenommen. Als erste Kinderfeuerwehr im Landkreis Dachau haben unsere Kids die Kinderflamme abgelegt. Bei dieser Pr\u00fcfung teilt sich die Gruppe in drei Altersstufen auf (hellblau 6-7 Jahre, orange 8-9 Jahre und dunkelblau 10-11 Jahre).<\/p><p style=\"font-weight: 400;\">Es mussten 5 verschiedene Aufgaben absolviert werden, in denen die Feuerf\u00fcchse ihr theoretisches und praktisches Wissen \u00fcber Erste Hilfe, Brandschutz und Feuerwehraufgaben unter Beweis stellen mussten. Als Abschluss wurde au\u00dferdem noch die geschickte Zusammenarbeit in einer Teamaufgabe auf die Probe gestellt.<\/p><p style=\"font-weight: 400;\">Alle Feuerf\u00fcchse hatten jede Menge Spa\u00df und wir waren stolz zu sehen, was unsere Sch\u00fctzlinge bereits alles Beherrschen. Am Ende konnten alle Feuerf\u00fcchse unter tosendem Applaus aller Eltern und Helfer mit Stolz ihr Abzeichen entgegennehmen.<\/p><p style=\"font-weight: 400;\">Am Ende vom Tag durften wir dann die ersten zwei Feuerf\u00fcchse mit Nebel, Licht und Wasserstrahlen in die Jugendfeuerwehr entlassen. Ihr bisher angesammeltes Wissen bietet dazu bereits die perfekte Grundlage und wir freuen uns sehr, dass sie den Weg in der Feuerwehr weitergehen.<\/p><p style=\"font-weight: 400;\">Auf ein tolles zweites Jahr freuen sich jetzt alle Feuerf\u00fcchse und das ganze Feuerfuchs-Team.<\/p>\t\t\t\t\t\t\t\t<\/div>\n\t\t\t\t<\/div>\n\t\t\t\t\t<\/div>\n\t\t<\/div>\n\t\t\t\t\t<\/div>\n\t\t<\/section>\n\t\t\t\t\t<\/div>\n\t\t<\/div>\n\t\t\t\t<div class=\"elementor-column elementor-col-50 elementor-top-column elementor-element elementor-element-7ea23345\" data-id=\"7ea23345\" data-element_type=\"column\" data-e-type=\"column\">\n\t\t\t<div class=\"elementor-widget-wrap elementor-element-populated\">\n\t\t\t\t\t\t<div class=\"elementor-element elementor-element-27120585 elementor-widget elementor-widget-heading\" data-id=\"27120585\" data-element_type=\"widget\" data-e-type=\"widget\" data-widget_type=\"heading.default\">\n\t\t\t\t<div class=\"elementor-widget-container\">\n\t\t\t\t\t<h3 class=\"elementor-heading-title elementor-size-default\">Neueste Beitr\u00e4ge:<\/h3>\t\t\t\t<\/div>\n\t\t\t\t<\/div>\n\t\t\t\t<div class=\"elementor-element elementor-element-941a241 elementor-widget elementor-widget-elementskit-blog-posts\" data-id=\"941a241\" data-element_type=\"widget\" data-e-type=\"widget\" data-widget_type=\"elementskit-blog-posts.default\">\n\t\t\t\t<div class=\"elementor-widget-container\">\n\t\t\t\t\t<div class=\"ekit-wid-con\" >        <div id=\"post-items--941a241\" class=\"row post-items\">\n                    <div class=\"col-lg-12 col-md-12\">\n\n                                    <div class=\"elementskit-post-image-card\">\n                        <div class=\"elementskit-entry-header\">\n                            \n                            \n\t\t\t\t\t\t\t\t\t\t\t\t\t<\/div><!-- .elementskit-entry-header END -->\n\n\t\t\t\t\t\t<div class=\"elementskit-post-body \">\n\t\t\t\t\t\t\t\n\t\t\t\t\t\t\t\t\t\t\t\t\t\t\t\t\t\t\t\t\t\t\t\t\t\t\t\t\t\t\n\t\t\t\t\t\t\t\t\n\t\t\t\t\t\t\t\t\t\t\t\t\t\t\t\t\t\t\t\t\t<h2 class=\"entry-title\">\n\t\t\t\t\t<a href=\"https:\/\/www.fw-pfaffenhofen-glonn.de\/index.php\/2026\/04\/27\/wir-feiern-die-kinderflamme-und-ein-jahr-kinderfeuerwehr\/\">\n\t\t\t\t\t\tWir feiern die Kinderflamme und&hellip;\t\t\t\t\t<\/a>\n\t\t\t\t<\/h2>\n\t\t\t\t\t\t\t\t\t\t\t\t\t\t\t\t\t\t\t\t\t\t\t\t\t\t\t\t\t\t\t\t                                                            <div class=\"btn-wraper\">\n                                                                            <a class=\"elementskit-btn whitespace--normal\" id=\"\" href=\"https:\/\/www.fw-pfaffenhofen-glonn.de\/index.php\/2026\/04\/27\/wir-feiern-die-kinderflamme-und-ein-jahr-kinderfeuerwehr\/\">\n                                            Weiterlesen                                            <i aria-hidden=\"true\" class=\"fas fa-angle-right\"><\/i>                                        <\/a>\n                                    \n                                                                    <\/div>\n                                                    <\/div><!-- .elementskit-post-body END -->\n                    <\/div>\n                \n            <\/div>\n                    <div class=\"col-lg-12 col-md-12\">\n\n                                    <div class=\"elementskit-post-image-card\">\n                        <div class=\"elementskit-entry-header\">\n                            \n                            \n\t\t\t\t\t\t\t\t\t\t\t\t\t<\/div><!-- .elementskit-entry-header END -->\n\n\t\t\t\t\t\t<div class=\"elementskit-post-body \">\n\t\t\t\t\t\t\t\n\t\t\t\t\t\t\t\t\t\t\t\t\t\t\t\t\t\t\t\t\t\t\t\t\t\t\t\t\t\t\n\t\t\t\t\t\t\t\t\n\t\t\t\t\t\t\t\t\t\t\t\t\t\t\t\t\t\t\t\t\t<h2 class=\"entry-title\">\n\t\t\t\t\t<a href=\"https:\/\/www.fw-pfaffenhofen-glonn.de\/index.php\/2026\/04\/22\/e\/\">\n\t\t\t\t\t\tEine neue Truppfrau und 6&hellip;\t\t\t\t\t<\/a>\n\t\t\t\t<\/h2>\n\t\t\t\t\t\t\t\t\t\t\t\t\t\t\t\t\t\t\t\t\t\t\t\t\t\t\t\t\t\t\t\t                                                            <div class=\"btn-wraper\">\n                                                                            <a class=\"elementskit-btn whitespace--normal\" id=\"\" href=\"https:\/\/www.fw-pfaffenhofen-glonn.de\/index.php\/2026\/04\/22\/e\/\">\n                                            Weiterlesen                                            <i aria-hidden=\"true\" class=\"fas fa-angle-right\"><\/i>                                        <\/a>\n                                    \n                                                                    <\/div>\n                                                    <\/div><!-- .elementskit-post-body END -->\n                    <\/div>\n                \n            <\/div>\n                    <div class=\"col-lg-12 col-md-12\">\n\n                                    <div class=\"elementskit-post-image-card\">\n                        <div class=\"elementskit-entry-header\">\n                            \n                            \n\t\t\t\t\t\t\t\t\t\t\t\t\t<\/div><!-- .elementskit-entry-header END -->\n\n\t\t\t\t\t\t<div class=\"elementskit-post-body \">\n\t\t\t\t\t\t\t\n\t\t\t\t\t\t\t\t\t\t\t\t\t\t\t\t\t\t\t\t\t\t\t\t\t\t\t\t\t\t\n\t\t\t\t\t\t\t\t\n\t\t\t\t\t\t\t\t\t\t\t\t\t\t\t\t\t\t\t\t\t<h2 class=\"entry-title\">\n\t\t\t\t\t<a href=\"https:\/\/www.fw-pfaffenhofen-glonn.de\/index.php\/2026\/04\/15\/fr\/\">\n\t\t\t\t\t\tFr\u00fchjahrs\u00fcbung\t\t\t\t\t<\/a>\n\t\t\t\t<\/h2>\n\t\t\t\t\t\t\t\t\t\t\t\t\t\t\t\t\t\t\t\t\t\t\t\t\t\t\t\t\t\t\t\t                                                            <div class=\"btn-wraper\">\n                                                                            <a class=\"elementskit-btn whitespace--normal\" id=\"\" href=\"https:\/\/www.fw-pfaffenhofen-glonn.de\/index.php\/2026\/04\/15\/fr\/\">\n                                            Weiterlesen                                            <i aria-hidden=\"true\" class=\"fas fa-angle-right\"><\/i>                                        <\/a>\n                                    \n                                                                    <\/div>\n                                                    <\/div><!-- .elementskit-post-body END -->\n                    <\/div>\n                \n            <\/div>\n                    <div class=\"col-lg-12 col-md-12\">\n\n                                    <div class=\"elementskit-post-image-card\">\n                        <div class=\"elementskit-entry-header\">\n                            \n                            \n\t\t\t\t\t\t\t\t\t\t\t\t\t<\/div><!-- .elementskit-entry-header END -->\n\n\t\t\t\t\t\t<div class=\"elementskit-post-body \">\n\t\t\t\t\t\t\t\n\t\t\t\t\t\t\t\t\t\t\t\t\t\t\t\t\t\t\t\t\t\t\t\t\t\t\t\t\t\t\n\t\t\t\t\t\t\t\t\n\t\t\t\t\t\t\t\t\t\t\t\t\t\t\t\t\t\t\t\t\t<h2 class=\"entry-title\">\n\t\t\t\t\t<a href=\"https:\/\/www.fw-pfaffenhofen-glonn.de\/index.php\/2026\/02\/07\/helferfest-31-januar\/\">\n\t\t\t\t\t\tHelferfest (31. Januar)\t\t\t\t\t<\/a>\n\t\t\t\t<\/h2>\n\t\t\t\t\t\t\t\t\t\t\t\t\t\t\t\t\t\t\t\t\t\t\t\t\t\t\t\t\t\t\t\t                                                            <div class=\"btn-wraper\">\n                                                                            <a class=\"elementskit-btn whitespace--normal\" id=\"\" href=\"https:\/\/www.fw-pfaffenhofen-glonn.de\/index.php\/2026\/02\/07\/helferfest-31-januar\/\">\n                                            Weiterlesen                                            <i aria-hidden=\"true\" class=\"fas fa-angle-right\"><\/i>                                        <\/a>\n                                    \n                                                                    <\/div>\n                                                    <\/div><!-- .elementskit-post-body END -->\n                    <\/div>\n                \n            <\/div>\n                <\/div>\n       <\/div>\t\t\t\t<\/div>\n\t\t\t\t<\/div>\n\t\t\t\t<div class=\"elementor-element elementor-element-65ce7adf elementor-align-center elementor-widget elementor-widget-button\" data-id=\"65ce7adf\" data-element_type=\"widget\" data-e-type=\"widget\" data-widget_type=\"button.default\">\n\t\t\t\t<div class=\"elementor-widget-container\">\n\t\t\t\t\t\t\t\t\t<div class=\"elementor-button-wrapper\">\n\t\t\t\t\t<a class=\"elementor-button elementor-button-link elementor-size-md elementor-animation-grow\" href=\"https:\/\/www.fw-pfaffenhofen-glonn.de\/index.php\/aktuelles\/\">\n\t\t\t\t\t\t<span class=\"elementor-button-content-wrapper\">\n\t\t\t\t\t\t\t\t\t<span class=\"elementor-button-text\">Alle Beitr\u00e4ge<\/span>\n\t\t\t\t\t<\/span>\n\t\t\t\t\t<\/a>\n\t\t\t\t<\/div>\n\t\t\t\t\t\t\t\t<\/div>\n\t\t\t\t<\/div>\n\t\t\t\t\t<\/div>\n\t\t<\/div>\n\t\t\t\t\t<\/div>\n\t\t<\/section>\n\t\t\t\t<\/div>\n\t\t","protected":false},"excerpt":{"rendered":"<p>Wir feiern die Kinderflamme und ein Jahr Kinderfeuerwehr Nun ist es bereits ein Jahr her seit der Gr\u00fcndung unserer Kinderfeuerwehr \u201eFeuerf\u00fcchse Pfaffenhofen an der Glonn\u201c. An 6 Samstagen haben alle Kids viel \u00fcber Brandschutz, Aufgaben der Feuerwehr, Erste Hilfe und nat\u00fcrlich Teamgeist gelernt. Spiel und Spa\u00df kamen hier nie zu kurz und dank der helfenden [&hellip;]<\/p>\n","protected":false},"author":3,"featured_media":0,"comment_status":"closed","ping_status":"open","sticky":false,"template":"","format":"standard","meta":{"iawp_total_views":2,"footnotes":""},"categories":[1],"tags":[],"class_list":["post-3039","post","type-post","status-publish","format-standard","hentry","category-uncategorized"],"yoast_head":"<!-- This site is optimized with the Yoast SEO plugin v27.4 - https:\/\/yoast.com\/product\/yoast-seo-wordpress\/ -->\n<title>Wir feiern die Kinderflamme und ein Jahr Kinderfeuerwehr - Freiwillige Feuerwehr Pfaffenhofen a. d. Glonn e.V.<\/title>\n<meta name=\"robots\" content=\"index, follow, max-snippet:-1, max-image-preview:large, max-video-preview:-1\" \/>\n<link rel=\"canonical\" href=\"https:\/\/www.fw-pfaffenhofen-glonn.de\/index.php\/2026\/04\/27\/wir-feiern-die-kinderflamme-und-ein-jahr-kinderfeuerwehr\/\" \/>\n<meta property=\"og:locale\" content=\"de_DE\" \/>\n<meta property=\"og:type\" content=\"article\" \/>\n<meta property=\"og:title\" content=\"Wir feiern die Kinderflamme und ein Jahr Kinderfeuerwehr - Freiwillige Feuerwehr Pfaffenhofen a. d. Glonn e.V.\" \/>\n<meta property=\"og:description\" content=\"Wir feiern die Kinderflamme und ein Jahr Kinderfeuerwehr Nun ist es bereits ein Jahr her seit der Gr\u00fcndung unserer Kinderfeuerwehr \u201eFeuerf\u00fcchse Pfaffenhofen an der Glonn\u201c. An 6 Samstagen haben alle Kids viel \u00fcber Brandschutz, Aufgaben der Feuerwehr, Erste Hilfe und nat\u00fcrlich Teamgeist gelernt. Spiel und Spa\u00df kamen hier nie zu kurz und dank der helfenden [&hellip;]\" \/>\n<meta property=\"og:url\" content=\"https:\/\/www.fw-pfaffenhofen-glonn.de\/index.php\/2026\/04\/27\/wir-feiern-die-kinderflamme-und-ein-jahr-kinderfeuerwehr\/\" \/>\n<meta property=\"og:site_name\" content=\"Freiwillige Feuerwehr Pfaffenhofen a. d. Glonn e.V.\" \/>\n<meta property=\"article:published_time\" content=\"2026-04-27T19:16:23+00:00\" \/>\n<meta property=\"article:modified_time\" content=\"2026-04-27T19:25:21+00:00\" \/>\n<meta property=\"og:image\" content=\"https:\/\/www.fw-pfaffenhofen-glonn.de\/wp-content\/uploads\/2026\/04\/PHOTO-2026-04-25-15-52-04-5.jpg\" \/>\n\t<meta property=\"og:image:width\" content=\"1200\" \/>\n\t<meta property=\"og:image:height\" content=\"1600\" \/>\n\t<meta property=\"og:image:type\" content=\"image\/jpeg\" \/>\n<meta name=\"author\" content=\"Rene Knopp\" \/>\n<meta name=\"twitter:card\" content=\"summary_large_image\" \/>\n<meta name=\"twitter:label1\" content=\"Verfasst von\" \/>\n\t<meta name=\"twitter:data1\" content=\"Rene Knopp\" \/>\n\t<meta name=\"twitter:label2\" content=\"Gesch\u00e4tzte Lesezeit\" \/>\n\t<meta name=\"twitter:data2\" content=\"4\u00a0Minuten\" \/>\n<script type=\"application\/ld+json\" class=\"yoast-schema-graph\">{\"@context\":\"https:\\\/\\\/schema.org\",\"@graph\":[{\"@type\":\"Article\",\"@id\":\"https:\\\/\\\/www.fw-pfaffenhofen-glonn.de\\\/index.php\\\/2026\\\/04\\\/27\\\/wir-feiern-die-kinderflamme-und-ein-jahr-kinderfeuerwehr\\\/#article\",\"isPartOf\":{\"@id\":\"https:\\\/\\\/www.fw-pfaffenhofen-glonn.de\\\/index.php\\\/2026\\\/04\\\/27\\\/wir-feiern-die-kinderflamme-und-ein-jahr-kinderfeuerwehr\\\/\"},\"author\":{\"name\":\"Rene Knopp\",\"@id\":\"https:\\\/\\\/www.fw-pfaffenhofen-glonn.de\\\/#\\\/schema\\\/person\\\/ec82cc592093d991c604a4c2e29040de\"},\"headline\":\"Wir feiern die Kinderflamme und ein Jahr Kinderfeuerwehr\",\"datePublished\":\"2026-04-27T19:16:23+00:00\",\"dateModified\":\"2026-04-27T19:25:21+00:00\",\"mainEntityOfPage\":{\"@id\":\"https:\\\/\\\/www.fw-pfaffenhofen-glonn.de\\\/index.php\\\/2026\\\/04\\\/27\\\/wir-feiern-die-kinderflamme-und-ein-jahr-kinderfeuerwehr\\\/\"},\"wordCount\":337,\"publisher\":{\"@id\":\"https:\\\/\\\/www.fw-pfaffenhofen-glonn.de\\\/#organization\"},\"image\":{\"@id\":\"https:\\\/\\\/www.fw-pfaffenhofen-glonn.de\\\/index.php\\\/2026\\\/04\\\/27\\\/wir-feiern-die-kinderflamme-und-ein-jahr-kinderfeuerwehr\\\/#primaryimage\"},\"thumbnailUrl\":\"https:\\\/\\\/www.fw-pfaffenhofen-glonn.de\\\/wp-content\\\/uploads\\\/2026\\\/04\\\/PHOTO-2026-04-25-15-52-04-5-768x1024.jpg\",\"articleSection\":[\"Uncategorized\"],\"inLanguage\":\"de\"},{\"@type\":\"WebPage\",\"@id\":\"https:\\\/\\\/www.fw-pfaffenhofen-glonn.de\\\/index.php\\\/2026\\\/04\\\/27\\\/wir-feiern-die-kinderflamme-und-ein-jahr-kinderfeuerwehr\\\/\",\"url\":\"https:\\\/\\\/www.fw-pfaffenhofen-glonn.de\\\/index.php\\\/2026\\\/04\\\/27\\\/wir-feiern-die-kinderflamme-und-ein-jahr-kinderfeuerwehr\\\/\",\"name\":\"Wir feiern die Kinderflamme und ein Jahr Kinderfeuerwehr - Freiwillige Feuerwehr Pfaffenhofen a. d. Glonn e.V.\",\"isPartOf\":{\"@id\":\"https:\\\/\\\/www.fw-pfaffenhofen-glonn.de\\\/#website\"},\"primaryImageOfPage\":{\"@id\":\"https:\\\/\\\/www.fw-pfaffenhofen-glonn.de\\\/index.php\\\/2026\\\/04\\\/27\\\/wir-feiern-die-kinderflamme-und-ein-jahr-kinderfeuerwehr\\\/#primaryimage\"},\"image\":{\"@id\":\"https:\\\/\\\/www.fw-pfaffenhofen-glonn.de\\\/index.php\\\/2026\\\/04\\\/27\\\/wir-feiern-die-kinderflamme-und-ein-jahr-kinderfeuerwehr\\\/#primaryimage\"},\"thumbnailUrl\":\"https:\\\/\\\/www.fw-pfaffenhofen-glonn.de\\\/wp-content\\\/uploads\\\/2026\\\/04\\\/PHOTO-2026-04-25-15-52-04-5-768x1024.jpg\",\"datePublished\":\"2026-04-27T19:16:23+00:00\",\"dateModified\":\"2026-04-27T19:25:21+00:00\",\"breadcrumb\":{\"@id\":\"https:\\\/\\\/www.fw-pfaffenhofen-glonn.de\\\/index.php\\\/2026\\\/04\\\/27\\\/wir-feiern-die-kinderflamme-und-ein-jahr-kinderfeuerwehr\\\/#breadcrumb\"},\"inLanguage\":\"de\",\"potentialAction\":[{\"@type\":\"ReadAction\",\"target\":[\"https:\\\/\\\/www.fw-pfaffenhofen-glonn.de\\\/index.php\\\/2026\\\/04\\\/27\\\/wir-feiern-die-kinderflamme-und-ein-jahr-kinderfeuerwehr\\\/\"]}]},{\"@type\":\"ImageObject\",\"inLanguage\":\"de\",\"@id\":\"https:\\\/\\\/www.fw-pfaffenhofen-glonn.de\\\/index.php\\\/2026\\\/04\\\/27\\\/wir-feiern-die-kinderflamme-und-ein-jahr-kinderfeuerwehr\\\/#primaryimage\",\"url\":\"https:\\\/\\\/www.fw-pfaffenhofen-glonn.de\\\/wp-content\\\/uploads\\\/2026\\\/04\\\/PHOTO-2026-04-25-15-52-04-5.jpg\",\"contentUrl\":\"https:\\\/\\\/www.fw-pfaffenhofen-glonn.de\\\/wp-content\\\/uploads\\\/2026\\\/04\\\/PHOTO-2026-04-25-15-52-04-5.jpg\",\"width\":1200,\"height\":1600},{\"@type\":\"BreadcrumbList\",\"@id\":\"https:\\\/\\\/www.fw-pfaffenhofen-glonn.de\\\/index.php\\\/2026\\\/04\\\/27\\\/wir-feiern-die-kinderflamme-und-ein-jahr-kinderfeuerwehr\\\/#breadcrumb\",\"itemListElement\":[{\"@type\":\"ListItem\",\"position\":1,\"name\":\"Startseite\",\"item\":\"https:\\\/\\\/www.fw-pfaffenhofen-glonn.de\\\/\"},{\"@type\":\"ListItem\",\"position\":2,\"name\":\"Wir feiern die Kinderflamme und ein Jahr Kinderfeuerwehr\"}]},{\"@type\":\"WebSite\",\"@id\":\"https:\\\/\\\/www.fw-pfaffenhofen-glonn.de\\\/#website\",\"url\":\"https:\\\/\\\/www.fw-pfaffenhofen-glonn.de\\\/\",\"name\":\"Freiwillige Feuerwehr Pfaffenhofen a. d. Glonn e.V.\",\"description\":\"\",\"publisher\":{\"@id\":\"https:\\\/\\\/www.fw-pfaffenhofen-glonn.de\\\/#organization\"},\"potentialAction\":[{\"@type\":\"SearchAction\",\"target\":{\"@type\":\"EntryPoint\",\"urlTemplate\":\"https:\\\/\\\/www.fw-pfaffenhofen-glonn.de\\\/?s={search_term_string}\"},\"query-input\":{\"@type\":\"PropertyValueSpecification\",\"valueRequired\":true,\"valueName\":\"search_term_string\"}}],\"inLanguage\":\"de\"},{\"@type\":\"Organization\",\"@id\":\"https:\\\/\\\/www.fw-pfaffenhofen-glonn.de\\\/#organization\",\"name\":\"Freiwillige Feuerwehr Pfaffenhofen a. d. Glonn e.V.\",\"url\":\"https:\\\/\\\/www.fw-pfaffenhofen-glonn.de\\\/\",\"logo\":{\"@type\":\"ImageObject\",\"inLanguage\":\"de\",\"@id\":\"https:\\\/\\\/www.fw-pfaffenhofen-glonn.de\\\/#\\\/schema\\\/logo\\\/image\\\/\",\"url\":\"https:\\\/\\\/www.fw-pfaffenhofen-glonn.de\\\/wp-content\\\/uploads\\\/2023\\\/06\\\/Feuerwehr-Pfaffenhofen-Logo-invertiert-header-2.png\",\"contentUrl\":\"https:\\\/\\\/www.fw-pfaffenhofen-glonn.de\\\/wp-content\\\/uploads\\\/2023\\\/06\\\/Feuerwehr-Pfaffenhofen-Logo-invertiert-header-2.png\",\"width\":1077,\"height\":500,\"caption\":\"Freiwillige Feuerwehr Pfaffenhofen a. d. Glonn e.V.\"},\"image\":{\"@id\":\"https:\\\/\\\/www.fw-pfaffenhofen-glonn.de\\\/#\\\/schema\\\/logo\\\/image\\\/\"}},{\"@type\":\"Person\",\"@id\":\"https:\\\/\\\/www.fw-pfaffenhofen-glonn.de\\\/#\\\/schema\\\/person\\\/ec82cc592093d991c604a4c2e29040de\",\"name\":\"Rene Knopp\",\"image\":{\"@type\":\"ImageObject\",\"inLanguage\":\"de\",\"@id\":\"https:\\\/\\\/secure.gravatar.com\\\/avatar\\\/183c759e5d681a4504c09b43d7455e9bc3aeda293d8d2474630df4120940822a?s=96&d=mm&r=g\",\"url\":\"https:\\\/\\\/secure.gravatar.com\\\/avatar\\\/183c759e5d681a4504c09b43d7455e9bc3aeda293d8d2474630df4120940822a?s=96&d=mm&r=g\",\"contentUrl\":\"https:\\\/\\\/secure.gravatar.com\\\/avatar\\\/183c759e5d681a4504c09b43d7455e9bc3aeda293d8d2474630df4120940822a?s=96&d=mm&r=g\",\"caption\":\"Rene Knopp\"}}]}<\/script>\n<!-- \/ Yoast SEO plugin. -->","yoast_head_json":{"title":"Wir feiern die Kinderflamme und ein Jahr Kinderfeuerwehr - Freiwillige Feuerwehr Pfaffenhofen a. d. Glonn e.V.","robots":{"index":"index","follow":"follow","max-snippet":"max-snippet:-1","max-image-preview":"max-image-preview:large","max-video-preview":"max-video-preview:-1"},"canonical":"https:\/\/www.fw-pfaffenhofen-glonn.de\/index.php\/2026\/04\/27\/wir-feiern-die-kinderflamme-und-ein-jahr-kinderfeuerwehr\/","og_locale":"de_DE","og_type":"article","og_title":"Wir feiern die Kinderflamme und ein Jahr Kinderfeuerwehr - Freiwillige Feuerwehr Pfaffenhofen a. d. Glonn e.V.","og_description":"Wir feiern die Kinderflamme und ein Jahr Kinderfeuerwehr Nun ist es bereits ein Jahr her seit der Gr\u00fcndung unserer Kinderfeuerwehr \u201eFeuerf\u00fcchse Pfaffenhofen an der Glonn\u201c. An 6 Samstagen haben alle Kids viel \u00fcber Brandschutz, Aufgaben der Feuerwehr, Erste Hilfe und nat\u00fcrlich Teamgeist gelernt. Spiel und Spa\u00df kamen hier nie zu kurz und dank der helfenden [&hellip;]","og_url":"https:\/\/www.fw-pfaffenhofen-glonn.de\/index.php\/2026\/04\/27\/wir-feiern-die-kinderflamme-und-ein-jahr-kinderfeuerwehr\/","og_site_name":"Freiwillige Feuerwehr Pfaffenhofen a. d. Glonn e.V.","article_published_time":"2026-04-27T19:16:23+00:00","article_modified_time":"2026-04-27T19:25:21+00:00","og_image":[{"width":1200,"height":1600,"url":"https:\/\/www.fw-pfaffenhofen-glonn.de\/wp-content\/uploads\/2026\/04\/PHOTO-2026-04-25-15-52-04-5.jpg","type":"image\/jpeg"}],"author":"Rene Knopp","twitter_card":"summary_large_image","twitter_misc":{"Verfasst von":"Rene Knopp","Gesch\u00e4tzte Lesezeit":"4\u00a0Minuten"},"schema":{"@context":"https:\/\/schema.org","@graph":[{"@type":"Article","@id":"https:\/\/www.fw-pfaffenhofen-glonn.de\/index.php\/2026\/04\/27\/wir-feiern-die-kinderflamme-und-ein-jahr-kinderfeuerwehr\/#article","isPartOf":{"@id":"https:\/\/www.fw-pfaffenhofen-glonn.de\/index.php\/2026\/04\/27\/wir-feiern-die-kinderflamme-und-ein-jahr-kinderfeuerwehr\/"},"author":{"name":"Rene Knopp","@id":"https:\/\/www.fw-pfaffenhofen-glonn.de\/#\/schema\/person\/ec82cc592093d991c604a4c2e29040de"},"headline":"Wir feiern die Kinderflamme und ein Jahr Kinderfeuerwehr","datePublished":"2026-04-27T19:16:23+00:00","dateModified":"2026-04-27T19:25:21+00:00","mainEntityOfPage":{"@id":"https:\/\/www.fw-pfaffenhofen-glonn.de\/index.php\/2026\/04\/27\/wir-feiern-die-kinderflamme-und-ein-jahr-kinderfeuerwehr\/"},"wordCount":337,"publisher":{"@id":"https:\/\/www.fw-pfaffenhofen-glonn.de\/#organization"},"image":{"@id":"https:\/\/www.fw-pfaffenhofen-glonn.de\/index.php\/2026\/04\/27\/wir-feiern-die-kinderflamme-und-ein-jahr-kinderfeuerwehr\/#primaryimage"},"thumbnailUrl":"https:\/\/www.fw-pfaffenhofen-glonn.de\/wp-content\/uploads\/2026\/04\/PHOTO-2026-04-25-15-52-04-5-768x1024.jpg","articleSection":["Uncategorized"],"inLanguage":"de"},{"@type":"WebPage","@id":"https:\/\/www.fw-pfaffenhofen-glonn.de\/index.php\/2026\/04\/27\/wir-feiern-die-kinderflamme-und-ein-jahr-kinderfeuerwehr\/","url":"https:\/\/www.fw-pfaffenhofen-glonn.de\/index.php\/2026\/04\/27\/wir-feiern-die-kinderflamme-und-ein-jahr-kinderfeuerwehr\/","name":"Wir feiern die Kinderflamme und ein Jahr Kinderfeuerwehr - Freiwillige Feuerwehr Pfaffenhofen a. d. Glonn e.V.","isPartOf":{"@id":"https:\/\/www.fw-pfaffenhofen-glonn.de\/#website"},"primaryImageOfPage":{"@id":"https:\/\/www.fw-pfaffenhofen-glonn.de\/index.php\/2026\/04\/27\/wir-feiern-die-kinderflamme-und-ein-jahr-kinderfeuerwehr\/#primaryimage"},"image":{"@id":"https:\/\/www.fw-pfaffenhofen-glonn.de\/index.php\/2026\/04\/27\/wir-feiern-die-kinderflamme-und-ein-jahr-kinderfeuerwehr\/#primaryimage"},"thumbnailUrl":"https:\/\/www.fw-pfaffenhofen-glonn.de\/wp-content\/uploads\/2026\/04\/PHOTO-2026-04-25-15-52-04-5-768x1024.jpg","datePublished":"2026-04-27T19:16:23+00:00","dateModified":"2026-04-27T19:25:21+00:00","breadcrumb":{"@id":"https:\/\/www.fw-pfaffenhofen-glonn.de\/index.php\/2026\/04\/27\/wir-feiern-die-kinderflamme-und-ein-jahr-kinderfeuerwehr\/#breadcrumb"},"inLanguage":"de","potentialAction":[{"@type":"ReadAction","target":["https:\/\/www.fw-pfaffenhofen-glonn.de\/index.php\/2026\/04\/27\/wir-feiern-die-kinderflamme-und-ein-jahr-kinderfeuerwehr\/"]}]},{"@type":"ImageObject","inLanguage":"de","@id":"https:\/\/www.fw-pfaffenhofen-glonn.de\/index.php\/2026\/04\/27\/wir-feiern-die-kinderflamme-und-ein-jahr-kinderfeuerwehr\/#primaryimage","url":"https:\/\/www.fw-pfaffenhofen-glonn.de\/wp-content\/uploads\/2026\/04\/PHOTO-2026-04-25-15-52-04-5.jpg","contentUrl":"https:\/\/www.fw-pfaffenhofen-glonn.de\/wp-content\/uploads\/2026\/04\/PHOTO-2026-04-25-15-52-04-5.jpg","width":1200,"height":1600},{"@type":"BreadcrumbList","@id":"https:\/\/www.fw-pfaffenhofen-glonn.de\/index.php\/2026\/04\/27\/wir-feiern-die-kinderflamme-und-ein-jahr-kinderfeuerwehr\/#breadcrumb","itemListElement":[{"@type":"ListItem","position":1,"name":"Startseite","item":"https:\/\/www.fw-pfaffenhofen-glonn.de\/"},{"@type":"ListItem","position":2,"name":"Wir feiern die Kinderflamme und ein Jahr Kinderfeuerwehr"}]},{"@type":"WebSite","@id":"https:\/\/www.fw-pfaffenhofen-glonn.de\/#website","url":"https:\/\/www.fw-pfaffenhofen-glonn.de\/","name":"Freiwillige Feuerwehr Pfaffenhofen a. d. Glonn e.V.","description":"","publisher":{"@id":"https:\/\/www.fw-pfaffenhofen-glonn.de\/#organization"},"potentialAction":[{"@type":"SearchAction","target":{"@type":"EntryPoint","urlTemplate":"https:\/\/www.fw-pfaffenhofen-glonn.de\/?s={search_term_string}"},"query-input":{"@type":"PropertyValueSpecification","valueRequired":true,"valueName":"search_term_string"}}],"inLanguage":"de"},{"@type":"Organization","@id":"https:\/\/www.fw-pfaffenhofen-glonn.de\/#organization","name":"Freiwillige Feuerwehr Pfaffenhofen a. d. Glonn e.V.","url":"https:\/\/www.fw-pfaffenhofen-glonn.de\/","logo":{"@type":"ImageObject","inLanguage":"de","@id":"https:\/\/www.fw-pfaffenhofen-glonn.de\/#\/schema\/logo\/image\/","url":"https:\/\/www.fw-pfaffenhofen-glonn.de\/wp-content\/uploads\/2023\/06\/Feuerwehr-Pfaffenhofen-Logo-invertiert-header-2.png","contentUrl":"https:\/\/www.fw-pfaffenhofen-glonn.de\/wp-content\/uploads\/2023\/06\/Feuerwehr-Pfaffenhofen-Logo-invertiert-header-2.png","width":1077,"height":500,"caption":"Freiwillige Feuerwehr Pfaffenhofen a. d. Glonn e.V."},"image":{"@id":"https:\/\/www.fw-pfaffenhofen-glonn.de\/#\/schema\/logo\/image\/"}},{"@type":"Person","@id":"https:\/\/www.fw-pfaffenhofen-glonn.de\/#\/schema\/person\/ec82cc592093d991c604a4c2e29040de","name":"Rene Knopp","image":{"@type":"ImageObject","inLanguage":"de","@id":"https:\/\/secure.gravatar.com\/avatar\/183c759e5d681a4504c09b43d7455e9bc3aeda293d8d2474630df4120940822a?s=96&d=mm&r=g","url":"https:\/\/secure.gravatar.com\/avatar\/183c759e5d681a4504c09b43d7455e9bc3aeda293d8d2474630df4120940822a?s=96&d=mm&r=g","contentUrl":"https:\/\/secure.gravatar.com\/avatar\/183c759e5d681a4504c09b43d7455e9bc3aeda293d8d2474630df4120940822a?s=96&d=mm&r=g","caption":"Rene Knopp"}}]}},"_links":{"self":[{"href":"https:\/\/www.fw-pfaffenhofen-glonn.de\/index.php\/wp-json\/wp\/v2\/posts\/3039","targetHints":{"allow":["GET"]}}],"collection":[{"href":"https:\/\/www.fw-pfaffenhofen-glonn.de\/index.php\/wp-json\/wp\/v2\/posts"}],"about":[{"href":"https:\/\/www.fw-pfaffenhofen-glonn.de\/index.php\/wp-json\/wp\/v2\/types\/post"}],"author":[{"embeddable":true,"href":"https:\/\/www.fw-pfaffenhofen-glonn.de\/index.php\/wp-json\/wp\/v2\/users\/3"}],"replies":[{"embeddable":true,"href":"https:\/\/www.fw-pfaffenhofen-glonn.de\/index.php\/wp-json\/wp\/v2\/comments?post=3039"}],"version-history":[{"count":7,"href":"https:\/\/www.fw-pfaffenhofen-glonn.de\/index.php\/wp-json\/wp\/v2\/posts\/3039\/revisions"}],"predecessor-version":[{"id":3061,"href":"https:\/\/www.fw-pfaffenhofen-glonn.de\/index.php\/wp-json\/wp\/v2\/posts\/3039\/revisions\/3061"}],"wp:attachment":[{"href":"https:\/\/www.fw-pfaffenhofen-glonn.de\/index.php\/wp-json\/wp\/v2\/media?parent=3039"}],"wp:term":[{"taxonomy":"category","embeddable":true,"href":"https:\/\/www.fw-pfaffenhofen-glonn.de\/index.php\/wp-json\/wp\/v2\/categories?post=3039"},{"taxonomy":"post_tag","embeddable":true,"href":"https:\/\/www.fw-pfaffenhofen-glonn.de\/index.php\/wp-json\/wp\/v2\/tags?post=3039"}],"curies":[{"name":"wp","href":"https:\/\/api.w.org\/{rel}","templated":true}]}}